{"id":5748,"date":"2014-10-19T17:55:39","date_gmt":"2014-10-19T17:55:39","guid":{"rendered":"http:\/\/www.rincondelbulla.cl\/portal\/?p=5748"},"modified":"2014-10-19T18:05:47","modified_gmt":"2014-10-19T18:05:47","slug":"la-maldicion-continua-la-u-no-pudo-en-el-monumental","status":"publish","type":"post","link":"http:\/\/www.rincondelbulla.cl\/portal\/2014\/10\/19\/la-maldicion-continua-la-u-no-pudo-en-el-monumental\/","title":{"rendered":"La maldici\u00f3n contin\u00faa&#8230; La &#8216;U&#8217; no pudo en el Monumental"},"content":{"rendered":"<figure id=\"attachment_5492\" aria-describedby=\"caption-attachment-5492\" style=\"width: 1100px\" class=\"wp-caption alignnone\"><a href=\"http:\/\/www.rincondelbulla.cl\/portal\/wp-content\/uploads\/2014\/08\/lamentacion.jpg\"><img loading=\"lazy\" decoding=\"async\" class=\"wp-image-5492 size-full\" src=\"http:\/\/www.rincondelbulla.cl\/portal\/wp-content\/uploads\/2014\/08\/lamentacion.jpg\" alt=\"La 'U' perdi\u00f3 el invicto y tambi\u00e9n el partido frente al archirrival -  Foto: Patricio Gonz\u00e1lez\" width=\"1100\" height=\"700\" srcset=\"http:\/\/www.rincondelbulla.cl\/portal\/wp-content\/uploads\/2014\/08\/lamentacion.jpg 1100w, http:\/\/www.rincondelbulla.cl\/portal\/wp-content\/uploads\/2014\/08\/lamentacion-300x191.jpg 300w, http:\/\/www.rincondelbulla.cl\/portal\/wp-content\/uploads\/2014\/08\/lamentacion-768x489.jpg 768w, http:\/\/www.rincondelbulla.cl\/portal\/wp-content\/uploads\/2014\/08\/lamentacion-696x443.jpg 696w, http:\/\/www.rincondelbulla.cl\/portal\/wp-content\/uploads\/2014\/08\/lamentacion-1068x680.jpg 1068w, http:\/\/www.rincondelbulla.cl\/portal\/wp-content\/uploads\/2014\/08\/lamentacion-660x420.jpg 660w\" sizes=\"auto, (max-width: 1100px) 100vw, 1100px\" \/><\/a><figcaption id=\"caption-attachment-5492\" class=\"wp-caption-text\">Universidad de Chile no pudo ante Iquique en Valpara\u00edso &#8211; Foto: Patricio Gonz\u00e1lez<\/figcaption><\/figure>\n<p><strong>Universidad de Chile perdi\u00f3 el invicto y tambi\u00e9n el partido frente al archirrival. Los azules no pudieron en el Monumental, una vez m\u00e1s, y vuelven con las manos vac\u00edas en un duelo que estuvo cargado de errores arbitrales, pol\u00e9micas y altercados. La U sigue en la cima pero ahora con dos escoltas muy cercanos.<\/strong><!--more--><\/p>\n<p>Tras el receso del torneo debido a los partidos de la selecci\u00f3n, la U volv\u00eda a la cancha y no en cualquier partido, este mediod\u00eda se disputaba una nueva versi\u00f3n del s\u00faper cl\u00e1sico del f\u00fatbol chileno, esta vez en el estadio Monumental de Colo Colo.<\/p>\n<p>Desde muy temprano se pod\u00eda apreciar la efervescencia en la gente que iba camino al estadio y la ilusi\u00f3n de los hinchas de la U para seguir encaminados rumbo a un nuevo t\u00edtulo y, de paso, romper la maldici\u00f3n de Pedreros.<\/p>\n<p>Y as\u00ed a las 12:08 el juez del partido Jorge Osorio dio el pitazo inicial. Desde el comienzo se not\u00f3 que el cuadro de Lasarte no sal\u00eda a matar sino que se presentaba un planteamiento m\u00e1s bien cauto, donde, incluso, en varios pasajes del duelo dejaban jugar a los albos, cediendo el bal\u00f3n y mucho terreno, de hecho casi siempre los locales recib\u00edan estando solos.<\/p>\n<p>Los azules intentaron acercarse por medios de balones detenidos. Tanto as\u00ed que a los 6\u2019 Gustavo Canales pate\u00f3 un tiro libre que encontr\u00f3 oportuna reacci\u00f3n de Villar cuando el bal\u00f3n se colaba. Pero quien m\u00e1s empujaba segu\u00edan siendo los de Macul, incluso el gran portero Herrera se transform\u00f3, poco a poco, en la figura de la primera parte, atrapando un par de remates que buscaban ser gol.<\/p>\n<p>De f\u00fatbol no mucho en la primera parte, pero s\u00ed qued\u00f3 algo dando vueltas en el aire. Cuando el partido estaba algo caliente, Patricio Rubio tuvo un encontr\u00f3n con Vilches, quien le propin\u00f3 un cabezazo frente al \u00e1rbitro, sin embargo Osorio decidi\u00f3 \u00a0amonestar con cartulina amarilla a ambos jugadores y no expulsar al albo.<\/p>\n<p>La segunda parte fue similar en sus inicios. Otro tiro libre de la U, esta vez de Fern\u00e1ndez, caus\u00f3 peligro en el arco local. Sin embargo cuando corr\u00edan 51 minutos de juego, un bal\u00f3n perdido por los azules en medio terreno, facilit\u00f3 el arranque de Fierro por derecha quien toc\u00f3 para Flores que lanz\u00f3 un centro que Paredes (que en la primera parte golpe\u00f3 con un codazo a Rojas) conect\u00f3, en dudosa posici\u00f3n, decretando el 1 a 0. Ocho minutos m\u00e1s tarde Jos\u00e9 Rojas cruz\u00f3 a Flores y se gan\u00f3 la segunda amarilla dejando a la U con diez. Si ya era dif\u00edcil, la tarea se volv\u00eda casi imposible.<\/p>\n<p>Los azules intentaban buscar el empate pero \u00e9ste no llegaba, incluso Colo Colo se acercaba m\u00e1s al dos a cero que la U al empate. Herrera salv\u00f3 en m\u00e1s de una ocasi\u00f3n su p\u00f3rtico. La m\u00e1s clara, una entrada de Vecchio que el portero achic\u00f3 a la perfecci\u00f3n.<\/p>\n<p>Pero el ganador ya estaba escrito. Corr\u00edan 78 minutos cuando Beausejour recibe, tambi\u00e9n en dudosa posici\u00f3n, engancha a Herrera que le alcanza a tocar el bal\u00f3n pero queda solo para decretar el 2 a 0 definitivo.<\/p>\n<p>Se perdi\u00f3 una vez m\u00e1s en el Monumental y se perdi\u00f3, adem\u00e1s, el invicto. Sin embargo al hincha poco le importa perder y menos un invicto, lo importante es que se perdi\u00f3 un cl\u00e1sico y nos quedamos una semana con el sabor amargo, aun sabiendo que la U sigue en la cima y es el equipo que est\u00e1 m\u00e1s cerca de salir campe\u00f3n.<\/p>\n","protected":false},"excerpt":{"rendered":"<p>Universidad de Chile perdi\u00f3 el invicto y tambi\u00e9n el partido frente al archirrival. Los azules no pudieron en el Monumental, una vez m\u00e1s, y vuelven con las manos vac\u00edas en un duelo que estuvo cargado de errores arbitrales, pol\u00e9micas y altercados. La U sigue en la cima pero ahora con dos escoltas muy cercanos.<\/p>\n","protected":false},"author":57,"featured_media":5492,"comment_status":"closed","ping_status":"open","sticky":false,"template":"","format":"standard","meta":{"footnotes":""},"categories":[18],"tags":[454,232,157,264,44],"class_list":{"0":"post-5748","1":"post","2":"type-post","3":"status-publish","4":"format-standard","5":"has-post-thumbnail","7":"category-actualidad","8":"tag-actualidad","9":"tag-apertura-2014-2015","10":"tag-portada","11":"tag-postpartido","12":"tag-superclasico"},"_links":{"self":[{"href":"http:\/\/www.rincondelbulla.cl\/portal\/wp-json\/wp\/v2\/posts\/5748","targetHints":{"allow":["GET"]}}],"collection":[{"href":"http:\/\/www.rincondelbulla.cl\/portal\/wp-json\/wp\/v2\/posts"}],"about":[{"href":"http:\/\/www.rincondelbulla.cl\/portal\/wp-json\/wp\/v2\/types\/post"}],"author":[{"embeddable":true,"href":"http:\/\/www.rincondelbulla.cl\/portal\/wp-json\/wp\/v2\/users\/57"}],"replies":[{"embeddable":true,"href":"http:\/\/www.rincondelbulla.cl\/portal\/wp-json\/wp\/v2\/comments?post=5748"}],"version-history":[{"count":4,"href":"http:\/\/www.rincondelbulla.cl\/portal\/wp-json\/wp\/v2\/posts\/5748\/revisions"}],"predecessor-version":[{"id":5754,"href":"http:\/\/www.rincondelbulla.cl\/portal\/wp-json\/wp\/v2\/posts\/5748\/revisions\/5754"}],"wp:featuredmedia":[{"embeddable":true,"href":"http:\/\/www.rincondelbulla.cl\/portal\/wp-json\/wp\/v2\/media\/5492"}],"wp:attachment":[{"href":"http:\/\/www.rincondelbulla.cl\/portal\/wp-json\/wp\/v2\/media?parent=5748"}],"wp:term":[{"taxonomy":"category","embeddable":true,"href":"http:\/\/www.rincondelbulla.cl\/portal\/wp-json\/wp\/v2\/categories?post=5748"},{"taxonomy":"post_tag","embeddable":true,"href":"http:\/\/www.rincondelbulla.cl\/portal\/wp-json\/wp\/v2\/tags?post=5748"}],"curies":[{"name":"wp","href":"https:\/\/api.w.org\/{rel}","templated":true}]}}