{"id":5757,"date":"2014-10-20T01:04:23","date_gmt":"2014-10-20T01:04:23","guid":{"rendered":"http:\/\/www.rincondelbulla.cl\/portal\/?p=5757"},"modified":"2014-10-20T17:26:21","modified_gmt":"2014-10-20T17:26:21","slug":"columna-de-opinion-la-u-no-tuvo-jerarquia","status":"publish","type":"post","link":"http:\/\/www.rincondelbulla.cl\/portal\/2014\/10\/20\/columna-de-opinion-la-u-no-tuvo-jerarquia\/","title":{"rendered":"Columna de Opini\u00f3n: La \u201cU\u201d no tuvo jerarqu\u00eda"},"content":{"rendered":"<figure id=\"attachment_5771\" aria-describedby=\"caption-attachment-5771\" style=\"width: 1100px\" class=\"wp-caption alignnone\"><a href=\"http:\/\/www.rincondelbulla.cl\/portal\/wp-content\/uploads\/2014\/10\/vscolocolo3.jpg\"><img loading=\"lazy\" decoding=\"async\" class=\"wp-image-5771 size-full\" src=\"http:\/\/www.rincondelbulla.cl\/portal\/wp-content\/uploads\/2014\/10\/vscolocolo3.jpg\" alt=\"\" width=\"1100\" height=\"700\" srcset=\"http:\/\/www.rincondelbulla.cl\/portal\/wp-content\/uploads\/2014\/10\/vscolocolo3.jpg 1100w, http:\/\/www.rincondelbulla.cl\/portal\/wp-content\/uploads\/2014\/10\/vscolocolo3-300x191.jpg 300w, http:\/\/www.rincondelbulla.cl\/portal\/wp-content\/uploads\/2014\/10\/vscolocolo3-768x489.jpg 768w, http:\/\/www.rincondelbulla.cl\/portal\/wp-content\/uploads\/2014\/10\/vscolocolo3-696x443.jpg 696w, http:\/\/www.rincondelbulla.cl\/portal\/wp-content\/uploads\/2014\/10\/vscolocolo3-1068x680.jpg 1068w, http:\/\/www.rincondelbulla.cl\/portal\/wp-content\/uploads\/2014\/10\/vscolocolo3-660x420.jpg 660w\" sizes=\"auto, (max-width: 1100px) 100vw, 1100px\" \/><\/a><figcaption id=\"caption-attachment-5771\" class=\"wp-caption-text\">La \u201cU\u201d no tuvo jerarqu\u00eda &#8211; Foto: Patricio Gonz\u00e1lez<\/figcaption><\/figure>\n<p><strong>Uno no suele ser tan cr\u00edtico con un plantel que llegaba invicto y puntero a un cl\u00e1sico, pero hoy la situaci\u00f3n lo amerita. Lamentablemente muchos de quienes deben imponer jerarqu\u00eda en la cancha hoy estuvieron al debe, y a la vez pecaron de irresponsables como Osvaldo y Pepe. Este \u00faltimo jugo mal y cuando ingreso Vidal pudo dar claros de poseer un mejor juego, t\u00e9cnica y proyecci\u00f3n.<\/strong><!--more--><\/p>\n<p>Hoy salv\u00f3 la plata Johnny Herrera y Math\u00edas Corujo. El primero con sed de victoria y de que el equipo fuese adelante, referente y voz de mando dentro de la cancha, no cay\u00f3 en el juego del rival y menos de sus hinchas. El segundo viajo 20 horas luego de la gira con su selecci\u00f3n y llego a entrenar con normalidad, hoy a simple vista fue quien m\u00e1s meti\u00f3 y corri\u00f3, se le nota esa garra charrua, las ganas de ganar.<\/p>\n<p>Lamentablemente el resto del equipo quedo muy al debe. Sin actitud y lejos de ser lo que ha mostrado a lo largo del torneo. No se sinti\u00f3 la experiencia de jugadores que llevan a\u00f1os jugando cl\u00e1sicos.<\/p>\n<p>El rival supo enfrentar a un equipo que no tuvo claridad en ninguna de sus l\u00edneas. El arbitraje quiz\u00e1s fue incidente en ocasiones, pero a mi juicio la derrota no pasa por aquello, a pesar de que Osorio se vio superado por muchas ocasiones. Y a modo de dato, sali\u00f3 de su camar\u00edn y unos pocos hinchas del rival le dieron la mano a la salida y lo aplaud\u00edan.<\/p>\n<p>Los \u00abol\u00e9\u00bb un chiste y una v\u00eda de escape a las derrotas humillantes que sufri\u00f3 el rival en calidad de visita. No podemos comparar los \u00abol\u00e9s\u00bb del Nacional, jugando hacia adelante y culminando en un golazo de \u00c1ngelo, a los \u00abol\u00e9s\u00bb en 1\/4 de cancha sin avanzar m\u00e1s de 10 metros. Bajo ning\u00fan par\u00e1metro esos \u00abol\u00e9s\u00bb fueron causa de un f\u00fatbol brillante o aplastante.<\/p>\n<p>En esta ocasi\u00f3n no duele tanto la derrota, duele m\u00e1s la actitud del plantel, en ning\u00fan momento se vio un equipo con ganas de ganar y querer darle una alegr\u00eda a su gente que mucho tuvo que soportar para poder acompa\u00f1arla el d\u00eda de hoy.<\/p>\n","protected":false},"excerpt":{"rendered":"<p>Uno no suele ser tan cr\u00edtico con un plantel que llegaba invicto y puntero a un cl\u00e1sico, pero hoy la situaci\u00f3n lo amerita. Lamentablemente muchos de quienes deben imponer jerarqu\u00eda en la cancha hoy estuvieron al debe, y a la vez pecaron de irresponsables como Osvaldo y Pepe. Este \u00faltimo jugo mal y cuando ingreso [&#8230;]<\/p>\n","protected":false},"author":65,"featured_media":5771,"comment_status":"closed","ping_status":"open","sticky":false,"template":"","format":"standard","meta":{"footnotes":""},"categories":[18],"tags":[454,232,36,44],"class_list":{"0":"post-5757","1":"post","2":"type-post","3":"status-publish","4":"format-standard","5":"has-post-thumbnail","7":"category-actualidad","8":"tag-actualidad","9":"tag-apertura-2014-2015","10":"tag-opinion","11":"tag-superclasico"},"_links":{"self":[{"href":"http:\/\/www.rincondelbulla.cl\/portal\/wp-json\/wp\/v2\/posts\/5757","targetHints":{"allow":["GET"]}}],"collection":[{"href":"http:\/\/www.rincondelbulla.cl\/portal\/wp-json\/wp\/v2\/posts"}],"about":[{"href":"http:\/\/www.rincondelbulla.cl\/portal\/wp-json\/wp\/v2\/types\/post"}],"author":[{"embeddable":true,"href":"http:\/\/www.rincondelbulla.cl\/portal\/wp-json\/wp\/v2\/users\/65"}],"replies":[{"embeddable":true,"href":"http:\/\/www.rincondelbulla.cl\/portal\/wp-json\/wp\/v2\/comments?post=5757"}],"version-history":[{"count":4,"href":"http:\/\/www.rincondelbulla.cl\/portal\/wp-json\/wp\/v2\/posts\/5757\/revisions"}],"predecessor-version":[{"id":5773,"href":"http:\/\/www.rincondelbulla.cl\/portal\/wp-json\/wp\/v2\/posts\/5757\/revisions\/5773"}],"wp:featuredmedia":[{"embeddable":true,"href":"http:\/\/www.rincondelbulla.cl\/portal\/wp-json\/wp\/v2\/media\/5771"}],"wp:attachment":[{"href":"http:\/\/www.rincondelbulla.cl\/portal\/wp-json\/wp\/v2\/media?parent=5757"}],"wp:term":[{"taxonomy":"category","embeddable":true,"href":"http:\/\/www.rincondelbulla.cl\/portal\/wp-json\/wp\/v2\/categories?post=5757"},{"taxonomy":"post_tag","embeddable":true,"href":"http:\/\/www.rincondelbulla.cl\/portal\/wp-json\/wp\/v2\/tags?post=5757"}],"curies":[{"name":"wp","href":"https:\/\/api.w.org\/{rel}","templated":true}]}}