{"id":5790,"date":"2014-10-22T12:02:38","date_gmt":"2014-10-22T12:02:38","guid":{"rendered":"http:\/\/www.rincondelbulla.cl\/portal\/?p=5790"},"modified":"2014-10-22T15:39:21","modified_gmt":"2014-10-22T15:39:21","slug":"la-u-enfrentaria-a-palestino-sin-su-principal-goleador","status":"publish","type":"post","link":"http:\/\/www.rincondelbulla.cl\/portal\/2014\/10\/22\/la-u-enfrentaria-a-palestino-sin-su-principal-goleador\/","title":{"rendered":"La \u00abU\u00bb enfrentar\u00eda a Palestino sin su principal goleador"},"content":{"rendered":"<figure id=\"attachment_5794\" aria-describedby=\"caption-attachment-5794\" style=\"width: 1100px\" class=\"wp-caption alignnone\"><a href=\"http:\/\/www.rincondelbulla.cl\/portal\/wp-content\/uploads\/2014\/10\/canales3.jpg\"><img loading=\"lazy\" decoding=\"async\" class=\"wp-image-5794 size-full\" src=\"http:\/\/www.rincondelbulla.cl\/portal\/wp-content\/uploads\/2014\/10\/canales3.jpg\" alt=\"\" width=\"1100\" height=\"700\" srcset=\"http:\/\/www.rincondelbulla.cl\/portal\/wp-content\/uploads\/2014\/10\/canales3.jpg 1100w, http:\/\/www.rincondelbulla.cl\/portal\/wp-content\/uploads\/2014\/10\/canales3-300x191.jpg 300w, http:\/\/www.rincondelbulla.cl\/portal\/wp-content\/uploads\/2014\/10\/canales3-768x489.jpg 768w, http:\/\/www.rincondelbulla.cl\/portal\/wp-content\/uploads\/2014\/10\/canales3-696x443.jpg 696w, http:\/\/www.rincondelbulla.cl\/portal\/wp-content\/uploads\/2014\/10\/canales3-1068x680.jpg 1068w, http:\/\/www.rincondelbulla.cl\/portal\/wp-content\/uploads\/2014\/10\/canales3-660x420.jpg 660w\" sizes=\"auto, (max-width: 1100px) 100vw, 1100px\" \/><\/a><figcaption id=\"caption-attachment-5794\" class=\"wp-caption-text\">Los azules perder\u00edan a su principal carta de gol &#8211; Foto: Patricio Gonz\u00e1lez<\/figcaption><\/figure>\n<p><strong>De confirmarse esta importante\u00a0baja, Mart\u00edn Lasarte ya prepara alternativas para reforzar la delantera.<\/strong><\/p>\n<p><!--more-->Las alarmas y luces de alerta se encendieron en el CDA. \u00a0Y es que Gustavo canales se perder\u00eda el partido de este domingo, frente\u00a0 a Palestino en el Estadio Nacional, por una lesi\u00f3n en su tobillo.<\/p>\n<p>Seg\u00fan inform\u00f3 el martes <a href=\"http:\/\/www.cooperativa.cl\/noticias\/deportes\/futbol\/universidad-de-chile\/gustavo-canales-es-duda-para-duelo-ante-palestino\/2014-10-21\/133759.html\">Radio Cooperativa<\/a>, el delantero sufri\u00f3 un esguince de tobillo el s\u00e1bado pasado, en la previa el Supercl\u00e1sico, raz\u00f3n por la cual se habr\u00eda infiltrado para poder actuar ante los albos. Dicha lesi\u00f3n tendr\u00eda repercusi\u00f3n por estos d\u00edas en el jugador, lo que le imposibilitar\u00eda jugar frente a los tetracolores.<\/p>\n<p>Seg\u00fan publica este mi\u00e9rcoles <a href=\"http:\/\/impresa.elmercurio.com\/Pages\/NewsDetail.aspx?dt=22-10-2014%200:00:00&amp;dtB=22-10-2014%200:00:00&amp;BodyID=4&amp;PaginaId=7\">El Mercurio<\/a>, en el CDA est\u00e1n conscientes de que Canales no podr\u00eda jugar el domingo, pero aseguran que el esguince de tobillo es un malestar que se puede tratar. Para tomar la decisi\u00f3n final esperaran su evoluci\u00f3n durante lo que queda de semana. La confianza que el delantero est\u00e9 disponible frente\u00a0 a Palestino est\u00e1 al m\u00e1ximo.<\/p>\n<p>De no recuperarse Gustavo Canales, el t\u00e9cnico Mart\u00edn Lasarte ya trabajar\u00eda en alternativas para suplir su importante ausencia e ir en busca de los tres puntos para seguir en el liderato del torneo. Recordemos que ya son bajas obligadas para este domingo Jos\u00e9 Rojas y Osvaldo Gonz\u00e1lez por expulsi\u00f3n en el Supercl\u00e1sico.<\/p>\n","protected":false},"excerpt":{"rendered":"<p>De confirmarse esta importante\u00a0baja, Mart\u00edn Lasarte ya prepara alternativas para reforzar la delantera.<\/p>\n","protected":false},"author":21382,"featured_media":5794,"comment_status":"closed","ping_status":"open","sticky":false,"template":"","format":"standard","meta":{"footnotes":""},"categories":[18],"tags":[454,232,56,262,224,157],"class_list":{"0":"post-5790","1":"post","2":"type-post","3":"status-publish","4":"format-standard","5":"has-post-thumbnail","7":"category-actualidad","8":"tag-actualidad","9":"tag-apertura-2014-2015","10":"tag-gustavo-canales","11":"tag-lesionados","12":"tag-martin-lasarte","13":"tag-portada"},"_links":{"self":[{"href":"http:\/\/www.rincondelbulla.cl\/portal\/wp-json\/wp\/v2\/posts\/5790","targetHints":{"allow":["GET"]}}],"collection":[{"href":"http:\/\/www.rincondelbulla.cl\/portal\/wp-json\/wp\/v2\/posts"}],"about":[{"href":"http:\/\/www.rincondelbulla.cl\/portal\/wp-json\/wp\/v2\/types\/post"}],"author":[{"embeddable":true,"href":"http:\/\/www.rincondelbulla.cl\/portal\/wp-json\/wp\/v2\/users\/21382"}],"replies":[{"embeddable":true,"href":"http:\/\/www.rincondelbulla.cl\/portal\/wp-json\/wp\/v2\/comments?post=5790"}],"version-history":[{"count":4,"href":"http:\/\/www.rincondelbulla.cl\/portal\/wp-json\/wp\/v2\/posts\/5790\/revisions"}],"predecessor-version":[{"id":5795,"href":"http:\/\/www.rincondelbulla.cl\/portal\/wp-json\/wp\/v2\/posts\/5790\/revisions\/5795"}],"wp:featuredmedia":[{"embeddable":true,"href":"http:\/\/www.rincondelbulla.cl\/portal\/wp-json\/wp\/v2\/media\/5794"}],"wp:attachment":[{"href":"http:\/\/www.rincondelbulla.cl\/portal\/wp-json\/wp\/v2\/media?parent=5790"}],"wp:term":[{"taxonomy":"category","embeddable":true,"href":"http:\/\/www.rincondelbulla.cl\/portal\/wp-json\/wp\/v2\/categories?post=5790"},{"taxonomy":"post_tag","embeddable":true,"href":"http:\/\/www.rincondelbulla.cl\/portal\/wp-json\/wp\/v2\/tags?post=5790"}],"curies":[{"name":"wp","href":"https:\/\/api.w.org\/{rel}","templated":true}]}}