{"id":5908,"date":"2014-11-01T20:37:40","date_gmt":"2014-11-01T20:37:40","guid":{"rendered":"http:\/\/www.rincondelbulla.cl\/portal\/?p=5908"},"modified":"2014-11-02T02:22:58","modified_gmt":"2014-11-02T02:22:58","slug":"sebastian-ubilla-tiene-un-historial-de-mala-leche","status":"publish","type":"post","link":"http:\/\/www.rincondelbulla.cl\/portal\/2014\/11\/01\/sebastian-ubilla-tiene-un-historial-de-mala-leche\/","title":{"rendered":"Sebasti\u00e1n Ubilla: \u00abParot tiene un historial de mala leche\u00bb"},"content":{"rendered":"<figure id=\"attachment_5918\" aria-describedby=\"caption-attachment-5918\" style=\"width: 1100px\" class=\"wp-caption alignnone\"><a href=\"http:\/\/www.rincondelbulla.cl\/portal\/wp-content\/uploads\/2014\/11\/sebastian_ubilla.jpg\"><img loading=\"lazy\" decoding=\"async\" class=\"wp-image-5918 size-full\" src=\"http:\/\/www.rincondelbulla.cl\/portal\/wp-content\/uploads\/2014\/11\/sebastian_ubilla.jpg\" alt=\"\" width=\"1100\" height=\"700\" srcset=\"http:\/\/www.rincondelbulla.cl\/portal\/wp-content\/uploads\/2014\/11\/sebastian_ubilla.jpg 1100w, http:\/\/www.rincondelbulla.cl\/portal\/wp-content\/uploads\/2014\/11\/sebastian_ubilla-300x191.jpg 300w, http:\/\/www.rincondelbulla.cl\/portal\/wp-content\/uploads\/2014\/11\/sebastian_ubilla-768x489.jpg 768w, http:\/\/www.rincondelbulla.cl\/portal\/wp-content\/uploads\/2014\/11\/sebastian_ubilla-696x443.jpg 696w, http:\/\/www.rincondelbulla.cl\/portal\/wp-content\/uploads\/2014\/11\/sebastian_ubilla-1068x680.jpg 1068w, http:\/\/www.rincondelbulla.cl\/portal\/wp-content\/uploads\/2014\/11\/sebastian_ubilla-660x420.jpg 660w\" sizes=\"auto, (max-width: 1100px) 100vw, 1100px\" \/><\/a><figcaption id=\"caption-attachment-5918\" class=\"wp-caption-text\">Sebasti\u00e1n Ubilla sufre grave lesi\u00f3n &#8211; Foto: Patricio Gonz\u00e1lez<\/figcaption><\/figure>\n<p><strong>Todo fue felicidad en la trastienda azul excepto por la lesi\u00f3n de Sebasti\u00e1n Ubilla. El camar\u00edn tuvo la visita de Marcelo Salas, un equipo de m\u00fasica que retumbo en los t\u00faneles y solamente declaraciones que aspiran al t\u00edtulo, pero siempre con mesura.<\/strong><!--more--><\/p>\n<p><strong>\u201cEl Machete\u201d<\/strong><\/p>\n<p>\u201cLos goles son siempre el gran cambio t\u00e1ctico, las instancias y los momentos de los equipos no siempre son los mismos.\u00a0Nosotros est\u00e1bamos obligados a ganar por la circunstancias de la tabla y el partido, por lo mismo, marcar tempranamente nos dio un plus para manejar el bal\u00f3n. Ganar estos dos partidos nos permite retomar la confianza y pensamos en que cada vez queda menos\u201d,<\/p>\n<p><strong>\u201cEl Chiche\u201d<\/strong><\/p>\n<p>\u201cImagin\u00e9 que ir\u00eda al arco, por suerte sali\u00f3 fuerte y termino en gol, lo m\u00e1s importante es que ayude al equipo para conseguir la victoria\u201d.<\/p>\n<p><strong>\u201cEl Pepe\u201d<\/strong><\/p>\n<p>\u201cLevanto la cabeza, veo a un azul en el segundo palo y Math\u00edas la agarra muy bien. Nos merec\u00edamos darle una alegr\u00eda a nuestra gente\u00bb.<\/p>\n<p><strong>\u201cEl Conejo\u201d<\/strong><\/p>\n<p>\u201cNo s\u00e9 si me quiso pegar o no, pero tiene un historial de mala leche\u201d, coment\u00f3 Ubilla en relaci\u00f3n a la patada descomunal que le propin\u00f3\u00a0Alfonso Parot. Esta tarde deber\u00e1 someterse a ex\u00e1menes m\u00e9dicos que indicar\u00e1n si corresponder\u00e1 entrar a pabell\u00f3n.<\/p>\n","protected":false},"excerpt":{"rendered":"<p>Todo fue felicidad en la trastienda azul excepto por la lesi\u00f3n de Sebasti\u00e1n Ubilla. El camar\u00edn tuvo la visita de Marcelo Salas, un equipo de m\u00fasica que retumbo en los t\u00faneles y solamente declaraciones que aspiran al t\u00edtulo, pero siempre con mesura.<\/p>\n","protected":false},"author":65,"featured_media":5918,"comment_status":"closed","ping_status":"open","sticky":false,"template":"","format":"standard","meta":{"footnotes":""},"categories":[18],"tags":[454,71,224,118],"class_list":{"0":"post-5908","1":"post","2":"type-post","3":"status-publish","4":"format-standard","5":"has-post-thumbnail","7":"category-actualidad","8":"tag-actualidad","9":"tag-clasico-universitario","10":"tag-martin-lasarte","11":"tag-sebastian-ubilla"},"_links":{"self":[{"href":"http:\/\/www.rincondelbulla.cl\/portal\/wp-json\/wp\/v2\/posts\/5908","targetHints":{"allow":["GET"]}}],"collection":[{"href":"http:\/\/www.rincondelbulla.cl\/portal\/wp-json\/wp\/v2\/posts"}],"about":[{"href":"http:\/\/www.rincondelbulla.cl\/portal\/wp-json\/wp\/v2\/types\/post"}],"author":[{"embeddable":true,"href":"http:\/\/www.rincondelbulla.cl\/portal\/wp-json\/wp\/v2\/users\/65"}],"replies":[{"embeddable":true,"href":"http:\/\/www.rincondelbulla.cl\/portal\/wp-json\/wp\/v2\/comments?post=5908"}],"version-history":[{"count":8,"href":"http:\/\/www.rincondelbulla.cl\/portal\/wp-json\/wp\/v2\/posts\/5908\/revisions"}],"predecessor-version":[{"id":5929,"href":"http:\/\/www.rincondelbulla.cl\/portal\/wp-json\/wp\/v2\/posts\/5908\/revisions\/5929"}],"wp:featuredmedia":[{"embeddable":true,"href":"http:\/\/www.rincondelbulla.cl\/portal\/wp-json\/wp\/v2\/media\/5918"}],"wp:attachment":[{"href":"http:\/\/www.rincondelbulla.cl\/portal\/wp-json\/wp\/v2\/media?parent=5908"}],"wp:term":[{"taxonomy":"category","embeddable":true,"href":"http:\/\/www.rincondelbulla.cl\/portal\/wp-json\/wp\/v2\/categories?post=5908"},{"taxonomy":"post_tag","embeddable":true,"href":"http:\/\/www.rincondelbulla.cl\/portal\/wp-json\/wp\/v2\/tags?post=5908"}],"curies":[{"name":"wp","href":"https:\/\/api.w.org\/{rel}","templated":true}]}}