{"id":5938,"date":"2014-11-03T06:54:30","date_gmt":"2014-11-03T06:54:30","guid":{"rendered":"http:\/\/www.rincondelbulla.cl\/portal\/?p=5938"},"modified":"2014-11-03T13:11:54","modified_gmt":"2014-11-03T13:11:54","slug":"fecha-14-antofagasta-el-destino-y-cobreloa-el-objetivo","status":"publish","type":"post","link":"http:\/\/www.rincondelbulla.cl\/portal\/2014\/11\/03\/fecha-14-antofagasta-el-destino-y-cobreloa-el-objetivo\/","title":{"rendered":"[Programaci\u00f3n] Antofagasta el destino y Cobreloa el objetivo"},"content":{"rendered":"<figure id=\"attachment_5445\" aria-describedby=\"caption-attachment-5445\" style=\"width: 1100px\" class=\"wp-caption alignnone\"><a href=\"http:\/\/www.rincondelbulla.cl\/portal\/wp-content\/uploads\/2014\/08\/celebracion31.jpg\"><img loading=\"lazy\" decoding=\"async\" class=\"size-full wp-image-5445\" src=\"http:\/\/www.rincondelbulla.cl\/portal\/wp-content\/uploads\/2014\/08\/celebracion31.jpg\" alt=\"Azules asegura la punta del campeonato - Foto: Patricio Gonz\u00e1lez\" width=\"1100\" height=\"700\" srcset=\"http:\/\/www.rincondelbulla.cl\/portal\/wp-content\/uploads\/2014\/08\/celebracion31.jpg 1100w, http:\/\/www.rincondelbulla.cl\/portal\/wp-content\/uploads\/2014\/08\/celebracion31-300x191.jpg 300w, http:\/\/www.rincondelbulla.cl\/portal\/wp-content\/uploads\/2014\/08\/celebracion31-768x489.jpg 768w, http:\/\/www.rincondelbulla.cl\/portal\/wp-content\/uploads\/2014\/08\/celebracion31-696x443.jpg 696w, http:\/\/www.rincondelbulla.cl\/portal\/wp-content\/uploads\/2014\/08\/celebracion31-1068x680.jpg 1068w, http:\/\/www.rincondelbulla.cl\/portal\/wp-content\/uploads\/2014\/08\/celebracion31-660x420.jpg 660w\" sizes=\"auto, (max-width: 1100px) 100vw, 1100px\" \/><\/a><figcaption id=\"caption-attachment-5445\" class=\"wp-caption-text\">Azules asegura la punta del campeonato &#8211; Foto: Patricio Gonz\u00e1lez<\/figcaption><\/figure>\n<p><strong>Este s\u00e1bado 8 de noviembre, a las 15:30 hrs., los azules deben enfrentar en la capital de la Segunda Regi\u00f3n al cuadro lo\u00edno con el claro objetivo de seguir punteros del campeonato.<\/strong><!--more--><\/p>\n<p>Finaliz\u00f3 la d\u00e9cimo tercera fecha del Torneo de Apertura 2014-2015 y atr\u00e1s comienza a quedar el categ\u00f3rico triunfo de la Universidad de chile ante la UC por 3-0, lo que afianz\u00f3 en el primer lugar de la tabla al equipo de Mart\u00edn Lasarte. Tras los triunfos de Colo Colo y Santiago Wanderers, los dos m\u00e1s pr\u00f3ximos escoltas de los azules, las distancias con ellos se mantuvo en\u00a0 dos y tres puntos \u00a0respectivamente. Ahora ya se debe pensar en el pr\u00f3ximo desaf\u00edo de cara a las cuatros finales que quedan por delante para levantar la copa de campe\u00f3n.<\/p>\n<p>Cobreloa, este s\u00e1bado 8 de noviembre a las 15:30 hrs. en Antofagasta, ser\u00e1 el rival a vencer por la \u201cU\u201d en su camino al t\u00edtulo. Desaf\u00edo complicado, tomando en cuanta la presi\u00f3n final del torneo y la serie de lesiones que afectan a los dirigidos de Lasarte.<\/p>\n<p>Por su parte, los otros dos candidatos al t\u00edtulo, tendr\u00e1n que vencer a sus rivales si quieren seguir a las espaldas de la \u201cU\u201d. Santiago Wanderers visitar\u00e1 a Antofagasta este domingo 09 de noviembre, \u00a0a las 15:30 hrs, en la Segunda Regi\u00f3n. Por su parte, Colo Colo cerrar\u00e1 ese mismo d\u00eda la fecha recibiendo a Audax Italiano \u00a0en Macul.<\/p>\n<p>As\u00ed, la fecha 14 del Torneo de Apertura 2014-2015 se completar\u00e1 con los siguientes encuentros:<\/p>\n<p><strong>Viernes 7 de noviembre<\/strong><\/p>\n<ul>\n<li>O&#8217;Higgins vs.\u00a0San Marcos,\u00a0<strong>20:00 horas<\/strong>, Estadio El Teniente (CDF).<\/li>\n<\/ul>\n<p><strong>S\u00e1bado 8 de noviembre<\/strong><\/p>\n<ul>\n<li>U. Espa\u00f1ola vs.\u00a0Iquique,\u00a0<strong>12:30 horas,<\/strong>\u00a0Estadio Santa Laura (CDF).<\/li>\n<li>U. La Calera vs.\u00a0U. Cat\u00f3lica,<strong>\u00a0<\/strong><strong>18:00 horas<\/strong>, Estadio \u00abEl\u00edas Figueroa\u00bb (CDF).<\/li>\n<li>Barnechea vs.\u00a0Huachipato,\u00a0<strong>20:30 horas<\/strong>, Estadio San Carlos de Apoquindo (CDF).<\/li>\n<\/ul>\n<p><strong>Domingo 9 de noviembre<\/strong><\/p>\n<ul>\n<li>U. de Concepci\u00f3n vs.\u00a0Palestino,\u00a0<strong>15:30 horas,<\/strong>\u00a0Estadio Municipal de Yumbel.<\/li>\n<li>\u00d1ublense\u00a0vs. Cobresal,\u00a0<strong>16:00 horas<\/strong>, Estadio \u00abNelson Oyarz\u00fan\u00bb.<\/li>\n<\/ul>\n","protected":false},"excerpt":{"rendered":"<p>Este s\u00e1bado 8 de noviembre, a las 15:30 hrs., los azules deben enfrentar en la capital de la Segunda Regi\u00f3n al cuadro lo\u00edno con el claro objetivo de seguir punteros del campeonato.<\/p>\n","protected":false},"author":21382,"featured_media":5445,"comment_status":"closed","ping_status":"open","sticky":false,"template":"","format":"standard","meta":{"footnotes":""},"categories":[18],"tags":[454,232,157,59,266,156],"class_list":{"0":"post-5938","1":"post","2":"type-post","3":"status-publish","4":"format-standard","5":"has-post-thumbnail","7":"category-actualidad","8":"tag-actualidad","9":"tag-apertura-2014-2015","10":"tag-portada","11":"tag-programacion","12":"tag-proxima-fecha","13":"tag-universidad-de-chile"},"_links":{"self":[{"href":"http:\/\/www.rincondelbulla.cl\/portal\/wp-json\/wp\/v2\/posts\/5938","targetHints":{"allow":["GET"]}}],"collection":[{"href":"http:\/\/www.rincondelbulla.cl\/portal\/wp-json\/wp\/v2\/posts"}],"about":[{"href":"http:\/\/www.rincondelbulla.cl\/portal\/wp-json\/wp\/v2\/types\/post"}],"author":[{"embeddable":true,"href":"http:\/\/www.rincondelbulla.cl\/portal\/wp-json\/wp\/v2\/users\/21382"}],"replies":[{"embeddable":true,"href":"http:\/\/www.rincondelbulla.cl\/portal\/wp-json\/wp\/v2\/comments?post=5938"}],"version-history":[{"count":4,"href":"http:\/\/www.rincondelbulla.cl\/portal\/wp-json\/wp\/v2\/posts\/5938\/revisions"}],"predecessor-version":[{"id":5942,"href":"http:\/\/www.rincondelbulla.cl\/portal\/wp-json\/wp\/v2\/posts\/5938\/revisions\/5942"}],"wp:featuredmedia":[{"embeddable":true,"href":"http:\/\/www.rincondelbulla.cl\/portal\/wp-json\/wp\/v2\/media\/5445"}],"wp:attachment":[{"href":"http:\/\/www.rincondelbulla.cl\/portal\/wp-json\/wp\/v2\/media?parent=5938"}],"wp:term":[{"taxonomy":"category","embeddable":true,"href":"http:\/\/www.rincondelbulla.cl\/portal\/wp-json\/wp\/v2\/categories?post=5938"},{"taxonomy":"post_tag","embeddable":true,"href":"http:\/\/www.rincondelbulla.cl\/portal\/wp-json\/wp\/v2\/tags?post=5938"}],"curies":[{"name":"wp","href":"https:\/\/api.w.org\/{rel}","templated":true}]}}