{"id":5944,"date":"2014-11-03T19:35:59","date_gmt":"2014-11-03T19:35:59","guid":{"rendered":"http:\/\/www.rincondelbulla.cl\/portal\/?p=5944"},"modified":"2014-11-03T19:36:54","modified_gmt":"2014-11-03T19:36:54","slug":"gustavo-lorenzetti-la-presion-es-para-los-que-vienen-abajo","status":"publish","type":"post","link":"http:\/\/www.rincondelbulla.cl\/portal\/2014\/11\/03\/gustavo-lorenzetti-la-presion-es-para-los-que-vienen-abajo\/","title":{"rendered":"Gustavo Lorenzetti: \u00abLa presi\u00f3n es para los que vienen abajo\u00bb"},"content":{"rendered":"<figure id=\"attachment_5945\" aria-describedby=\"caption-attachment-5945\" style=\"width: 1100px\" class=\"wp-caption alignnone\"><a href=\"http:\/\/www.rincondelbulla.cl\/portal\/wp-content\/uploads\/2014\/11\/gustavo_lorenzetti.jpg\"><img loading=\"lazy\" decoding=\"async\" class=\"wp-image-5945 size-full\" src=\"http:\/\/www.rincondelbulla.cl\/portal\/wp-content\/uploads\/2014\/11\/gustavo_lorenzetti.jpg\" alt=\"Foto: Patricio Gonz\u00e1lez\" width=\"1100\" height=\"700\" srcset=\"http:\/\/www.rincondelbulla.cl\/portal\/wp-content\/uploads\/2014\/11\/gustavo_lorenzetti.jpg 1100w, http:\/\/www.rincondelbulla.cl\/portal\/wp-content\/uploads\/2014\/11\/gustavo_lorenzetti-300x191.jpg 300w, http:\/\/www.rincondelbulla.cl\/portal\/wp-content\/uploads\/2014\/11\/gustavo_lorenzetti-768x489.jpg 768w, http:\/\/www.rincondelbulla.cl\/portal\/wp-content\/uploads\/2014\/11\/gustavo_lorenzetti-696x443.jpg 696w, http:\/\/www.rincondelbulla.cl\/portal\/wp-content\/uploads\/2014\/11\/gustavo_lorenzetti-1068x680.jpg 1068w, http:\/\/www.rincondelbulla.cl\/portal\/wp-content\/uploads\/2014\/11\/gustavo_lorenzetti-660x420.jpg 660w\" sizes=\"auto, (max-width: 1100px) 100vw, 1100px\" \/><\/a><figcaption id=\"caption-attachment-5945\" class=\"wp-caption-text\">\u00abNo pensamos en perder el t\u00edtulo\u00bb, se\u00f1al\u00f3 &#8211; Foto: Patricio Gonz\u00e1lez<\/figcaption><\/figure>\n<p><strong>Hoy Universidad de Chile volvi\u00f3 a los entrenamientos de cara a su pr\u00f3xima \u201cfinal\u201d a disputarse este s\u00e1bado a las 15:30 hrs. en el Estadio Calvo y Bascu\u00f1\u00e1n en Antofagasta frente a Cobreloa. Como ha sido la t\u00f3nica de los \u00faltimos encuentros, los azules est\u00e1n obligados a ganar para seguir con la primera opci\u00f3n de alcanzar el t\u00edtulo del torneo.<\/strong><!--more--><\/p>\n<p>Un entrenamiento lleno de risas tras el el triunfo de este s\u00e1bado en el cl\u00e1sico universitario se vivi\u00f3 hoy en el CDA, sin embargo la alegr\u00eda pas\u00f3 r\u00e1pidamente a convertirse en mesura, y es que los dirigidos por Mart\u00edn Lasarte saben que este triunfo no garantiza obtener el objetivo final, la copa.<\/p>\n<p>Los azules entrenan con todo de cara a su pr\u00f3ximo desaf\u00edo, una final m\u00e1s, ante Cobreloa los laicos seguir\u00e1n su camino al t\u00edtulo.<\/p>\n<p>Tras el entrenamiento Gustavo Lorenzetti atendi\u00f3 a los medios de comunicaci\u00f3n, \u201cEl Duende\u201d se refiri\u00f3 al triunfo del s\u00e1bado, lo que queda de campeonato, la lamentable lesi\u00f3n de Ubilla entre otros temas.<\/p>\n<p>El volante azul se\u00f1al\u00f3 que conf\u00edan como grupo lograr el objetivo final, titularse campe\u00f3n del Apertura <strong>\u201cDesde la pretemporada que cre\u00edamos que podemos ganar los 17 partidos. Hoy m\u00e1s que nunca creo que podemos ganar los \u00faltimos cuatro. No pensamos en perder el t\u00edtulo, sino que en quedarnos con los cuatro partidos que faltan\u201d<\/strong>, y es m\u00e1s, le endos\u00f3 la presi\u00f3n a los equipos que sigue a la U en la tabla de posiciones<strong> \u201cquedan cuatro fechas y estamos dos puntos arriba. La presi\u00f3n es para los que vienen abajo\u201d<\/strong>, se\u00f1al\u00f3.<\/p>\n<p>Respecto al triunfo ante la Uc, gustavo se mostr\u00f3 conforme y alegre por el contundente partido que mostr\u00f3 el equipo, <strong>\u201cfue un triunfo positivo y que necesit\u00e1bamos. Ten\u00edamos una deuda pendiente con el hincha que pudimos saldar y ahora debemos seguir con el nivel para lo que viene\u201d<\/strong>, a\u00f1adi\u00f3 el \u201cDuende\u201d.<\/p>\n<p>Para finalizar, Lorenzetti se refiri\u00f3 a la lamentable lesi\u00f3n que sufri\u00f3 el delantero azul, Sebasti\u00e1n Ubilla, quien tras una fuerte entrada de Parot (UC) tuvo que salir lesionado del partido del s\u00e1bado y que luego los respectivos ex\u00e1menes m\u00e9dicos se confirm\u00f3 una lesi\u00f3n que lo dejar\u00e1 al margen de loa que queda de torneo, <strong>\u201ces una baja importante porque \u00e9l es un jugador que abre la cancha y da caracter\u00edsticas interesantes al equipo, pero este grupo ha demostrado que es un muy buen plantel y todos est\u00e1n trabajando para ser titulares\u201d<\/strong>, sentenci\u00f3 Gustavo.<\/p>\n","protected":false},"excerpt":{"rendered":"<p>Hoy Universidad de Chile volvi\u00f3 a los entrenamientos de cara a su pr\u00f3xima \u201cfinal\u201d a disputarse este s\u00e1bado a las 15:30 hrs. en el Estadio Calvo y Bascu\u00f1\u00e1n en Antofagasta frente a Cobreloa. Como ha sido la t\u00f3nica de los \u00faltimos encuentros, los azules est\u00e1n obligados a ganar para seguir con la primera opci\u00f3n de [&#8230;]<\/p>\n","protected":false},"author":56,"featured_media":5945,"comment_status":"closed","ping_status":"open","sticky":false,"template":"","format":"standard","meta":{"footnotes":""},"categories":[18],"tags":[454,232,209,78,157,118],"class_list":{"0":"post-5944","1":"post","2":"type-post","3":"status-publish","4":"format-standard","5":"has-post-thumbnail","7":"category-actualidad","8":"tag-actualidad","9":"tag-apertura-2014-2015","10":"tag-conferencia-de-prensa","11":"tag-gustavo-lorenzetti","12":"tag-portada","13":"tag-sebastian-ubilla"},"_links":{"self":[{"href":"http:\/\/www.rincondelbulla.cl\/portal\/wp-json\/wp\/v2\/posts\/5944","targetHints":{"allow":["GET"]}}],"collection":[{"href":"http:\/\/www.rincondelbulla.cl\/portal\/wp-json\/wp\/v2\/posts"}],"about":[{"href":"http:\/\/www.rincondelbulla.cl\/portal\/wp-json\/wp\/v2\/types\/post"}],"author":[{"embeddable":true,"href":"http:\/\/www.rincondelbulla.cl\/portal\/wp-json\/wp\/v2\/users\/56"}],"replies":[{"embeddable":true,"href":"http:\/\/www.rincondelbulla.cl\/portal\/wp-json\/wp\/v2\/comments?post=5944"}],"version-history":[{"count":3,"href":"http:\/\/www.rincondelbulla.cl\/portal\/wp-json\/wp\/v2\/posts\/5944\/revisions"}],"predecessor-version":[{"id":5948,"href":"http:\/\/www.rincondelbulla.cl\/portal\/wp-json\/wp\/v2\/posts\/5944\/revisions\/5948"}],"wp:featuredmedia":[{"embeddable":true,"href":"http:\/\/www.rincondelbulla.cl\/portal\/wp-json\/wp\/v2\/media\/5945"}],"wp:attachment":[{"href":"http:\/\/www.rincondelbulla.cl\/portal\/wp-json\/wp\/v2\/media?parent=5944"}],"wp:term":[{"taxonomy":"category","embeddable":true,"href":"http:\/\/www.rincondelbulla.cl\/portal\/wp-json\/wp\/v2\/categories?post=5944"},{"taxonomy":"post_tag","embeddable":true,"href":"http:\/\/www.rincondelbulla.cl\/portal\/wp-json\/wp\/v2\/tags?post=5944"}],"curies":[{"name":"wp","href":"https:\/\/api.w.org\/{rel}","templated":true}]}}