{"id":5952,"date":"2014-11-04T16:41:55","date_gmt":"2014-11-04T16:41:55","guid":{"rendered":"http:\/\/www.rincondelbulla.cl\/portal\/?p=5952"},"modified":"2014-11-05T01:54:04","modified_gmt":"2014-11-05T01:54:04","slug":"paulo-magalhaes-tenemos-que-ir-a-ganar-y-mostrar-el-juego-que-hemos-hecho","status":"publish","type":"post","link":"http:\/\/www.rincondelbulla.cl\/portal\/2014\/11\/04\/paulo-magalhaes-tenemos-que-ir-a-ganar-y-mostrar-el-juego-que-hemos-hecho\/","title":{"rendered":"Paulo Magalhaes: \u00abTenemos que ir a ganar y mostrar el juego que hemos hecho\u00bb"},"content":{"rendered":"<p><a href=\"http:\/\/www.rincondelbulla.cl\/portal\/wp-content\/uploads\/2014\/11\/paulo_magalhaes.jpg\"><img loading=\"lazy\" decoding=\"async\" class=\"alignnone wp-image-5960 size-full\" src=\"http:\/\/www.rincondelbulla.cl\/portal\/wp-content\/uploads\/2014\/11\/paulo_magalhaes.jpg\" alt=\"\" width=\"1100\" height=\"700\" srcset=\"http:\/\/www.rincondelbulla.cl\/portal\/wp-content\/uploads\/2014\/11\/paulo_magalhaes.jpg 1100w, http:\/\/www.rincondelbulla.cl\/portal\/wp-content\/uploads\/2014\/11\/paulo_magalhaes-300x191.jpg 300w, http:\/\/www.rincondelbulla.cl\/portal\/wp-content\/uploads\/2014\/11\/paulo_magalhaes-768x489.jpg 768w, http:\/\/www.rincondelbulla.cl\/portal\/wp-content\/uploads\/2014\/11\/paulo_magalhaes-696x443.jpg 696w, http:\/\/www.rincondelbulla.cl\/portal\/wp-content\/uploads\/2014\/11\/paulo_magalhaes-1068x680.jpg 1068w, http:\/\/www.rincondelbulla.cl\/portal\/wp-content\/uploads\/2014\/11\/paulo_magalhaes-660x420.jpg 660w\" sizes=\"auto, (max-width: 1100px) 100vw, 1100px\" \/><\/a><\/p>\n<p><strong>Tras la importante victoria en el \u00faltimo Cl\u00e1sico Universitario, los azules ya se enfocan en enfrentar a su pr\u00f3ximo rival en la lucha por el campeonato: Cobreloa.<\/strong><\/p>\n<p><!--more-->Esta tarde en el Centro Deportivo Azul, el encargado de declarar ante la prensa fue Paulo Magalhaes. El jugador de buen desempe\u00f1o en el \u00faltimo partido de la \u00abU\u00bb, se refiri\u00f3 a la actualidad del equipo y\u00a0a lo que significar\u00e1 enfrentar\u00a0la pr\u00f3xima \u00abfinal\u00bb &#8211; de las cuatro que quedan-ante Cobreloa.<\/p>\n<p><strong>ECOS DEL CL\u00c1SICO UNIVERSITARIO<\/strong><\/p>\n<p>Con respecto a lo vivido el pasado fin de semana en el partido que enfrent\u00f3 a Universidad de Chile y Universidad Cat\u00f3lica, Magalhaes se mostr\u00f3 satisfecho con el nivel demostrado por la \u201cU\u201d, declarando que <strong>\u201clo importante era ganar e hicimos lo correcto\u201d<\/strong>.<\/p>\n<p>En cuanto a la lamentable lesi\u00f3n de su compa\u00f1ero Sebasti\u00e1n Ubilla, el ex Cobreloa se\u00f1al\u00f3 que <strong>\u201cperdimos a un jugador importante en nuestro esquema, pero nuestro entrenador cuenta con variantes para reemplazarlo\u201d<\/strong>. Con respecto a los dichos de Ubilla que tild\u00f3 de \u201cmala leche\u201d a Parot, el oriundo de Porto Alegre asegur\u00f3 que \u201cme pareci\u00f3 una jugada de f\u00fatbol. No s\u00e9 si hubo mala intenci\u00f3n. Parot es un jugador que juega brusco, pero es parte del juego. No podemos reclamar por una patada fuerte\u201d.<\/p>\n<p><strong>EL REGRESO DE GONZALO ESPINOZA<\/strong><\/p>\n<p>El regreso de Gonzalo Espinoza est\u00e1 cerca, y seg\u00fan algunas fuentes podr\u00eda regresar ante Cobreloa. Con respecto a esta posibilidad, Magalhaes afirm\u00f3 que <strong>\u201choy Gonzalo entren\u00f3 con todo el plantel. Se le ve con ganas de jugar. Es un jugador importante para el plantel y su regreso nos va a favorecer mucho\u201d<\/strong>.<\/p>\n<p><strong>LA PR\u00d3XIMA FINAL<\/strong><\/p>\n<p>Con el objetivo cada vez m\u00e1s cerca y solo 12 puntos por jugar, los pup\u00edlos de Lasarte saben la importancia de sumar de a tres. <strong>\u00abCobreloa es un rival dif\u00edcil, y no podemos dejar escapar puntos\u00bb<\/strong>, afirm\u00f3 Magalhaes. \u00ab<strong>Nosotros tenemos que ir a ganar y mostrar el juego que hemos hecho\u00bb<\/strong>, se\u00f1al\u00f3 el jugador.<\/p>\n<p><strong>\u201cVamos a ir a ganar y darle otra alegr\u00eda a nuestra gente\u201d<\/strong>, asegur\u00f3 Magalhaes. Con respecto a sus opciones de comenzar en el once titular, el ex seleccionado nacional se mostr\u00f3 optimista: \u201cTodos queremos jugar y dar el cien por ciento para lograr ese objetivo que est\u00e1 tan cerca.<\/p>\n<p><strong>\u201cSi me toca entrar como titular espero dar mucho m\u00e1s de lo que di el Cl\u00e1sico pasado. Espero retomar la confianza que alg\u00fan d\u00eda tuve y retornar a la selecci\u00f3n\u201d<\/strong>, finaliz\u00f3 el jugador que mostrase su mayor nivel en la era de Sampaoli.<\/p>\n","protected":false},"excerpt":{"rendered":"<p>Tras la importante victoria en el \u00faltimo Cl\u00e1sico Universitario, los azules ya se enfocan en enfrentar a su pr\u00f3ximo rival en la lucha por el campeonato: Cobreloa.<\/p>\n","protected":false},"author":21383,"featured_media":5960,"comment_status":"closed","ping_status":"open","sticky":false,"template":"","format":"standard","meta":{"footnotes":""},"categories":[18],"tags":[454,232,209,270],"class_list":{"0":"post-5952","1":"post","2":"type-post","3":"status-publish","4":"format-standard","5":"has-post-thumbnail","7":"category-actualidad","8":"tag-actualidad","9":"tag-apertura-2014-2015","10":"tag-conferencia-de-prensa","11":"tag-paulo-magalhaes"},"_links":{"self":[{"href":"http:\/\/www.rincondelbulla.cl\/portal\/wp-json\/wp\/v2\/posts\/5952","targetHints":{"allow":["GET"]}}],"collection":[{"href":"http:\/\/www.rincondelbulla.cl\/portal\/wp-json\/wp\/v2\/posts"}],"about":[{"href":"http:\/\/www.rincondelbulla.cl\/portal\/wp-json\/wp\/v2\/types\/post"}],"author":[{"embeddable":true,"href":"http:\/\/www.rincondelbulla.cl\/portal\/wp-json\/wp\/v2\/users\/21383"}],"replies":[{"embeddable":true,"href":"http:\/\/www.rincondelbulla.cl\/portal\/wp-json\/wp\/v2\/comments?post=5952"}],"version-history":[{"count":7,"href":"http:\/\/www.rincondelbulla.cl\/portal\/wp-json\/wp\/v2\/posts\/5952\/revisions"}],"predecessor-version":[{"id":5983,"href":"http:\/\/www.rincondelbulla.cl\/portal\/wp-json\/wp\/v2\/posts\/5952\/revisions\/5983"}],"wp:featuredmedia":[{"embeddable":true,"href":"http:\/\/www.rincondelbulla.cl\/portal\/wp-json\/wp\/v2\/media\/5960"}],"wp:attachment":[{"href":"http:\/\/www.rincondelbulla.cl\/portal\/wp-json\/wp\/v2\/media?parent=5952"}],"wp:term":[{"taxonomy":"category","embeddable":true,"href":"http:\/\/www.rincondelbulla.cl\/portal\/wp-json\/wp\/v2\/categories?post=5952"},{"taxonomy":"post_tag","embeddable":true,"href":"http:\/\/www.rincondelbulla.cl\/portal\/wp-json\/wp\/v2\/tags?post=5952"}],"curies":[{"name":"wp","href":"https:\/\/api.w.org\/{rel}","templated":true}]}}