{"id":5956,"date":"2014-11-04T17:57:03","date_gmt":"2014-11-04T17:57:03","guid":{"rendered":"http:\/\/www.rincondelbulla.cl\/portal\/?p=5956"},"modified":"2014-11-04T18:05:00","modified_gmt":"2014-11-04T18:05:00","slug":"gonzalo-espinoza-podria-volver-ante-cobreloa","status":"publish","type":"post","link":"http:\/\/www.rincondelbulla.cl\/portal\/2014\/11\/04\/gonzalo-espinoza-podria-volver-ante-cobreloa\/","title":{"rendered":"Gonzalo Espinoza podr\u00eda volver ante Cobreloa"},"content":{"rendered":"<figure id=\"attachment_5958\" aria-describedby=\"caption-attachment-5958\" style=\"width: 1100px\" class=\"wp-caption alignnone\"><a href=\"http:\/\/www.rincondelbulla.cl\/portal\/wp-content\/uploads\/2014\/11\/gonzalo_espinoza.jpg\"><img loading=\"lazy\" decoding=\"async\" class=\"wp-image-5958 size-full\" src=\"http:\/\/www.rincondelbulla.cl\/portal\/wp-content\/uploads\/2014\/11\/gonzalo_espinoza.jpg\" alt=\"Foto: Patricio Gonz\u00e1lez\" width=\"1100\" height=\"700\" srcset=\"http:\/\/www.rincondelbulla.cl\/portal\/wp-content\/uploads\/2014\/11\/gonzalo_espinoza.jpg 1100w, http:\/\/www.rincondelbulla.cl\/portal\/wp-content\/uploads\/2014\/11\/gonzalo_espinoza-300x191.jpg 300w, http:\/\/www.rincondelbulla.cl\/portal\/wp-content\/uploads\/2014\/11\/gonzalo_espinoza-768x489.jpg 768w, http:\/\/www.rincondelbulla.cl\/portal\/wp-content\/uploads\/2014\/11\/gonzalo_espinoza-696x443.jpg 696w, http:\/\/www.rincondelbulla.cl\/portal\/wp-content\/uploads\/2014\/11\/gonzalo_espinoza-1068x680.jpg 1068w, http:\/\/www.rincondelbulla.cl\/portal\/wp-content\/uploads\/2014\/11\/gonzalo_espinoza-660x420.jpg 660w\" sizes=\"auto, (max-width: 1100px) 100vw, 1100px\" \/><\/a><figcaption id=\"caption-attachment-5958\" class=\"wp-caption-text\">M\u00e1s r\u00e1pida de lo esperado ha sido la recuperaci\u00f3n de Gonzalo Espinoza &#8211; Foto: Patricio Gonz\u00e1lez<\/figcaption><\/figure>\n<p><strong>El jugador se someter\u00e1 a un scanner este martes, lo que determinar\u00eda si puede estar entre los citados para el partido de este s\u00e1bado.<\/strong><!--more--><\/p>\n<p>M\u00e1s r\u00e1pida de lo esperado ha sido la recuperaci\u00f3n de Gonzalo Espinoza luego de la fractura en la clav\u00edcula derecha que lo afect\u00f3 en la previa del partido frente a San Marcos de Arica, por la 10\u00b0 Fecha del Torneo Apertura 2014-2015, y que hasta ahora lo ha mantenido alejado de las canchas. Situaci\u00f3n que estar\u00eda pronta a terminar.<\/p>\n<p>Seg\u00fan consigna el sitio web oficial de la Universidad de Chile, jefe m\u00e9dico del club, Fernando Radice, declar\u00f3 que <strong>\u00abGonzalo ha tenido una recuperaci\u00f3n satisfactoria. Ya est\u00e1 entrenando casi a la par con sus compa\u00f1eros y hoy (martes) realizaremos un scanner para ver si est\u00e1 en condiciones de ser citado para el fin de semana\u201d<\/strong>. Lo que s\u00ed asegur\u00f3 el doctor es que Espinoza estar\u00e1 con condiciones \u00f3ptimas para el partido con Barnechea, por la fecha 15.<\/p>\n<p>Por su parte, el kinesi\u00f3logo Mauricio Hern\u00e1ndez valor\u00f3 los avances presentados por el jugador en su recuperaci\u00f3n, quien empez\u00f3 a\u00a0 entrenar a los dos d\u00edas de haber sido operado. <strong>\u00abComenz\u00f3 de inmediato, y en paralelo a su recuperaci\u00f3n, a trabajar la forma f\u00edsica, para que cuando volviera a jugar estuviese en \u00f3ptimas condiciones\u00bb<\/strong>, dijo el especialista. Adem\u00e1s, destac\u00f3 la alta tecnolog\u00eda con la que cuenta el CDA para el acondicionamiento f\u00edsico de los futbolistas, lo que permite acelerar los tiempos de mejora en sus lesiones.<\/p>\n","protected":false},"excerpt":{"rendered":"<p>El jugador se someter\u00e1 a un scanner este martes, lo que determinar\u00eda si puede estar entre los citados para el partido de este s\u00e1bado.<\/p>\n","protected":false},"author":21382,"featured_media":5958,"comment_status":"closed","ping_status":"open","sticky":false,"template":"","format":"standard","meta":{"footnotes":""},"categories":[18],"tags":[454,232,261,157],"class_list":{"0":"post-5956","1":"post","2":"type-post","3":"status-publish","4":"format-standard","5":"has-post-thumbnail","7":"category-actualidad","8":"tag-actualidad","9":"tag-apertura-2014-2015","10":"tag-gonzalo-espinoza","11":"tag-portada"},"_links":{"self":[{"href":"http:\/\/www.rincondelbulla.cl\/portal\/wp-json\/wp\/v2\/posts\/5956","targetHints":{"allow":["GET"]}}],"collection":[{"href":"http:\/\/www.rincondelbulla.cl\/portal\/wp-json\/wp\/v2\/posts"}],"about":[{"href":"http:\/\/www.rincondelbulla.cl\/portal\/wp-json\/wp\/v2\/types\/post"}],"author":[{"embeddable":true,"href":"http:\/\/www.rincondelbulla.cl\/portal\/wp-json\/wp\/v2\/users\/21382"}],"replies":[{"embeddable":true,"href":"http:\/\/www.rincondelbulla.cl\/portal\/wp-json\/wp\/v2\/comments?post=5956"}],"version-history":[{"count":4,"href":"http:\/\/www.rincondelbulla.cl\/portal\/wp-json\/wp\/v2\/posts\/5956\/revisions"}],"predecessor-version":[{"id":5966,"href":"http:\/\/www.rincondelbulla.cl\/portal\/wp-json\/wp\/v2\/posts\/5956\/revisions\/5966"}],"wp:featuredmedia":[{"embeddable":true,"href":"http:\/\/www.rincondelbulla.cl\/portal\/wp-json\/wp\/v2\/media\/5958"}],"wp:attachment":[{"href":"http:\/\/www.rincondelbulla.cl\/portal\/wp-json\/wp\/v2\/media?parent=5956"}],"wp:term":[{"taxonomy":"category","embeddable":true,"href":"http:\/\/www.rincondelbulla.cl\/portal\/wp-json\/wp\/v2\/categories?post=5956"},{"taxonomy":"post_tag","embeddable":true,"href":"http:\/\/www.rincondelbulla.cl\/portal\/wp-json\/wp\/v2\/tags?post=5956"}],"curies":[{"name":"wp","href":"https:\/\/api.w.org\/{rel}","templated":true}]}}