{"id":5985,"date":"2014-11-05T18:09:13","date_gmt":"2014-11-05T18:09:13","guid":{"rendered":"http:\/\/www.rincondelbulla.cl\/portal\/?p=5985"},"modified":"2014-11-05T22:05:32","modified_gmt":"2014-11-05T22:05:32","slug":"vidal-tenemos-que-tener-una-concentracion-maxima","status":"publish","type":"post","link":"http:\/\/www.rincondelbulla.cl\/portal\/2014\/11\/05\/vidal-tenemos-que-tener-una-concentracion-maxima\/","title":{"rendered":"Benjam\u00edn Vidal: \u00abTenemos que tener una concentraci\u00f3n m\u00e1xima\u00bb"},"content":{"rendered":"<figure id=\"attachment_5987\" aria-describedby=\"caption-attachment-5987\" style=\"width: 1100px\" class=\"wp-caption alignnone\"><a href=\"http:\/\/www.rincondelbulla.cl\/portal\/wp-content\/uploads\/2014\/11\/benjamin_vidal.jpg\"><img loading=\"lazy\" decoding=\"async\" class=\"wp-image-5987 size-full\" src=\"http:\/\/www.rincondelbulla.cl\/portal\/wp-content\/uploads\/2014\/11\/benjamin_vidal.jpg\" alt=\"Foto: Claudio C\u00e1ceres\" width=\"1100\" height=\"700\" srcset=\"http:\/\/www.rincondelbulla.cl\/portal\/wp-content\/uploads\/2014\/11\/benjamin_vidal.jpg 1100w, http:\/\/www.rincondelbulla.cl\/portal\/wp-content\/uploads\/2014\/11\/benjamin_vidal-300x191.jpg 300w, http:\/\/www.rincondelbulla.cl\/portal\/wp-content\/uploads\/2014\/11\/benjamin_vidal-768x489.jpg 768w, http:\/\/www.rincondelbulla.cl\/portal\/wp-content\/uploads\/2014\/11\/benjamin_vidal-696x443.jpg 696w, http:\/\/www.rincondelbulla.cl\/portal\/wp-content\/uploads\/2014\/11\/benjamin_vidal-1068x680.jpg 1068w, http:\/\/www.rincondelbulla.cl\/portal\/wp-content\/uploads\/2014\/11\/benjamin_vidal-660x420.jpg 660w\" sizes=\"auto, (max-width: 1100px) 100vw, 1100px\" \/><\/a><figcaption id=\"caption-attachment-5987\" class=\"wp-caption-text\">Benjam\u00edn Vidal enfrent\u00f3 los micr\u00f3fonos en el CDA &#8211; Foto: Claudio C\u00e1ceres<\/figcaption><\/figure>\n<p><strong>Benjam\u00edn Vidal, el polifuncional defensa enfrent\u00f3 los micr\u00f3fonos en el CDA, habl\u00f3 del partido contra Cobreloa en Antofagasta, de su situaci\u00f3n dentro del plantel azul, de su futuro, de la selecci\u00f3n y mucho m\u00e1s.<\/strong><\/p>\n<p><!--more-->Sobre el partido que se viene en Antofagasta frente a Cobreloa lo calific\u00f3 como \u201cDif\u00edcil, a pesar de que se encuentra en las \u00faltimas posiciones, no nos debemos confiar y hacer un bonito espect\u00e1culo, a pesar del c\u00e9sped bastante largo que tiene el estadio en Antofagasta\u201d. Sobre su situaci\u00f3n al interior del plantel y nos ser considerado dentro de los once titulares <strong>\u201cMi intenci\u00f3n fue venir a sumar minutos, y as\u00ed lo ha sido, el fin de semana pasado me toc\u00f3 entrar en una posici\u00f3n que no es la m\u00eda, pero me sent\u00ed c\u00f3modo y creo que lo hice bien\u201d<\/strong> afirm\u00f3.<\/p>\n<p>Al ser consultado sobre su\u00a0futuro en la U, vidal se\u00f1al\u00f3, \u201ctengo contrato y pertenezco a la U as\u00ed que me toca seguir peleando por una camiseta de titular y trabajar duro, hay buenos jugadores y con experiencia y se da una competencia sana\u201d .<\/p>\n<p>En relaci\u00f3n a la selecci\u00f3n\u00a0 se le pregunt\u00f3 por el\u00a0tema que ha estado de moda en los medios, sobre la nacionalizaci\u00f3n de jugadores extranjeros para ser ocupados en la selecci\u00f3n,<strong> \u201csi el t\u00e9cnico los necesita, me parece bien y no me quiero meter m\u00e1s de la cuenta en ese tema\u201d<\/strong>.<\/p>\n<p>Sobre los precios\u00a0de las entradas para ver a la selecci\u00f3n y los del S\u00e1bado<strong> \u201cEst\u00e1n caros, uno mismo como hincha lo pensar\u00eda dos veces antes de comprar una entrada por esos valores\u201d, <\/strong>a\u00f1adi\u00f3 el defensa.<\/p>\n<p>Para finalizar se refiri\u00f3 al camino que le queda\u00a0a la gloriosa para alcanzar el objetivo final,\u00a0\u00a0\u201cMart\u00edn nos pide que estemos tranquilos, que volvamos al juego de comienzo de campeonato, que cambiar algo a esta altura ser\u00eda desenfocarnos\u201d , tambi\u00e9n tuvo palabras para la dura\u00a0lucha por el torneo en estas \u00faltimas fechas, <strong>\u00abquedando 4 partidos, todo puede pasar, tanto la &#8216;U&#8217; como Colo Colo y Wanderers, tenemos que tener una concentraci\u00f3n m\u00e1xima para lo que queda de torneo\u201d, <\/strong>sentenci\u00f3 Vidal.<\/p>\n","protected":false},"excerpt":{"rendered":"<p>Benjam\u00edn Vidal, el polifuncional defensa enfrent\u00f3 los micr\u00f3fonos en el CDA, habl\u00f3 del partido contra Cobreloa en Antofagasta, de su situaci\u00f3n dentro del plantel azul, de su futuro, de la selecci\u00f3n y mucho m\u00e1s.<\/p>\n","protected":false},"author":21381,"featured_media":5987,"comment_status":"closed","ping_status":"open","sticky":false,"template":"","format":"standard","meta":{"footnotes":""},"categories":[18],"tags":[454,232,273,209],"class_list":{"0":"post-5985","1":"post","2":"type-post","3":"status-publish","4":"format-standard","5":"has-post-thumbnail","7":"category-actualidad","8":"tag-actualidad","9":"tag-apertura-2014-2015","10":"tag-benjamin-vidal","11":"tag-conferencia-de-prensa"},"_links":{"self":[{"href":"http:\/\/www.rincondelbulla.cl\/portal\/wp-json\/wp\/v2\/posts\/5985","targetHints":{"allow":["GET"]}}],"collection":[{"href":"http:\/\/www.rincondelbulla.cl\/portal\/wp-json\/wp\/v2\/posts"}],"about":[{"href":"http:\/\/www.rincondelbulla.cl\/portal\/wp-json\/wp\/v2\/types\/post"}],"author":[{"embeddable":true,"href":"http:\/\/www.rincondelbulla.cl\/portal\/wp-json\/wp\/v2\/users\/21381"}],"replies":[{"embeddable":true,"href":"http:\/\/www.rincondelbulla.cl\/portal\/wp-json\/wp\/v2\/comments?post=5985"}],"version-history":[{"count":11,"href":"http:\/\/www.rincondelbulla.cl\/portal\/wp-json\/wp\/v2\/posts\/5985\/revisions"}],"predecessor-version":[{"id":5997,"href":"http:\/\/www.rincondelbulla.cl\/portal\/wp-json\/wp\/v2\/posts\/5985\/revisions\/5997"}],"wp:featuredmedia":[{"embeddable":true,"href":"http:\/\/www.rincondelbulla.cl\/portal\/wp-json\/wp\/v2\/media\/5987"}],"wp:attachment":[{"href":"http:\/\/www.rincondelbulla.cl\/portal\/wp-json\/wp\/v2\/media?parent=5985"}],"wp:term":[{"taxonomy":"category","embeddable":true,"href":"http:\/\/www.rincondelbulla.cl\/portal\/wp-json\/wp\/v2\/categories?post=5985"},{"taxonomy":"post_tag","embeddable":true,"href":"http:\/\/www.rincondelbulla.cl\/portal\/wp-json\/wp\/v2\/tags?post=5985"}],"curies":[{"name":"wp","href":"https:\/\/api.w.org\/{rel}","templated":true}]}}