{"id":6013,"date":"2014-11-07T14:27:17","date_gmt":"2014-11-07T14:27:17","guid":{"rendered":"http:\/\/www.rincondelbulla.cl\/portal\/?p=6013"},"modified":"2014-11-07T18:41:56","modified_gmt":"2014-11-07T18:41:56","slug":"la-u-quiere-devuelta-a-montillo","status":"publish","type":"post","link":"http:\/\/www.rincondelbulla.cl\/portal\/2014\/11\/07\/la-u-quiere-devuelta-a-montillo\/","title":{"rendered":"La \u201cU\u201d quiere devuelta a Montillo"},"content":{"rendered":"<figure id=\"attachment_6018\" aria-describedby=\"caption-attachment-6018\" style=\"width: 1100px\" class=\"wp-caption alignnone\"><a href=\"http:\/\/www.rincondelbulla.cl\/portal\/wp-content\/uploads\/2014\/11\/walter_montillo.jpg\"><img loading=\"lazy\" decoding=\"async\" class=\"wp-image-6018 size-full\" src=\"http:\/\/www.rincondelbulla.cl\/portal\/wp-content\/uploads\/2014\/11\/walter_montillo.jpg\" alt=\"\" width=\"1100\" height=\"700\" srcset=\"http:\/\/www.rincondelbulla.cl\/portal\/wp-content\/uploads\/2014\/11\/walter_montillo.jpg 1100w, http:\/\/www.rincondelbulla.cl\/portal\/wp-content\/uploads\/2014\/11\/walter_montillo-300x191.jpg 300w, http:\/\/www.rincondelbulla.cl\/portal\/wp-content\/uploads\/2014\/11\/walter_montillo-768x489.jpg 768w, http:\/\/www.rincondelbulla.cl\/portal\/wp-content\/uploads\/2014\/11\/walter_montillo-696x443.jpg 696w, http:\/\/www.rincondelbulla.cl\/portal\/wp-content\/uploads\/2014\/11\/walter_montillo-1068x680.jpg 1068w, http:\/\/www.rincondelbulla.cl\/portal\/wp-content\/uploads\/2014\/11\/walter_montillo-660x420.jpg 660w\" sizes=\"auto, (max-width: 1100px) 100vw, 1100px\" \/><\/a><figcaption id=\"caption-attachment-6018\" class=\"wp-caption-text\">Azul Azul ya estar\u00eda en conversaciones con Walter Montillo &#8211; Foto: Claudio C\u00e1ceres<\/figcaption><\/figure>\n<p><strong>Azul Azul ya estar\u00eda en conversaciones con Walter Montillo, volante que se gan\u00f3 al hincha azul a punta de buenas actuaciones y recordados goles.<\/strong><!--more--><\/p>\n<p>Sin duda que todo hincha azul sue\u00f1a con volver a ver a la \u201cArdilla\u201d con la camiseta del cuadro m\u00e1gico y la 10 en la espalda. Y no son solo los hinchas, los dirigentes de Azul Azul tambi\u00e9n tienen el anhelo de poder repatriar a Montillo.<\/p>\n<p>Hace un tiempo la dirigencia ya mantiene contactos con Walter Montillo, pero existir\u00eda una gran traba. Montillo a\u00fan mantiene contrato con el Shandong Luneng de China, por lo cual repatriar a la \u201cArdilla\u201d tendr\u00eda un costo muy alto para las pretensiones azules.<\/p>\n<p>La uni\u00f3n que existe entre el volante argentino y la \u201cU\u201d trasciende lo que ocurre en la cancha. Al partir de la \u201cU\u201d, Montillo se llevo con \u00e9l una parte del afecto del hincha, y rec\u00edprocamente Walter ha demostrado reciprocidad en aquel cari\u00f1o.<\/p>\n<p>La relaci\u00f3n entre el hincha y Walter se fortaleci\u00f3 cuando su hijo Santino tuvo serias complicaciones y la hinchada estuvo apoy\u00e1ndolo. Recordado es el gol que marca la \u201cArdilla\u201d en Coquimbo ante San Felipe y estalla en llantos en los hombros de Olivera. \u201cAguante Montillo, Fuerza Santino\u201d, dec\u00eda un lienzo en aquel entonces.<\/p>\n<p>Es de esperar que las tratativas por Montillo tengan buen camino y el volante pueda volver a su casa, donde sin duda todos esperan que pueda repetir las alegr\u00edas que tanto entreg\u00f3.<\/p>\n","protected":false},"excerpt":{"rendered":"<p>Azul Azul ya estar\u00eda en conversaciones con Walter Montillo, volante que se gan\u00f3 al hincha azul a punta de buenas actuaciones y recordados goles.<\/p>\n","protected":false},"author":65,"featured_media":6018,"comment_status":"closed","ping_status":"open","sticky":false,"template":"","format":"standard","meta":{"footnotes":""},"categories":[18],"tags":[454,275,157,61],"class_list":{"0":"post-6013","1":"post","2":"type-post","3":"status-publish","4":"format-standard","5":"has-post-thumbnail","7":"category-actualidad","8":"tag-actualidad","9":"tag-movidas-2015","10":"tag-portada","11":"tag-walter-montillo"},"_links":{"self":[{"href":"http:\/\/www.rincondelbulla.cl\/portal\/wp-json\/wp\/v2\/posts\/6013","targetHints":{"allow":["GET"]}}],"collection":[{"href":"http:\/\/www.rincondelbulla.cl\/portal\/wp-json\/wp\/v2\/posts"}],"about":[{"href":"http:\/\/www.rincondelbulla.cl\/portal\/wp-json\/wp\/v2\/types\/post"}],"author":[{"embeddable":true,"href":"http:\/\/www.rincondelbulla.cl\/portal\/wp-json\/wp\/v2\/users\/65"}],"replies":[{"embeddable":true,"href":"http:\/\/www.rincondelbulla.cl\/portal\/wp-json\/wp\/v2\/comments?post=6013"}],"version-history":[{"count":4,"href":"http:\/\/www.rincondelbulla.cl\/portal\/wp-json\/wp\/v2\/posts\/6013\/revisions"}],"predecessor-version":[{"id":6024,"href":"http:\/\/www.rincondelbulla.cl\/portal\/wp-json\/wp\/v2\/posts\/6013\/revisions\/6024"}],"wp:featuredmedia":[{"embeddable":true,"href":"http:\/\/www.rincondelbulla.cl\/portal\/wp-json\/wp\/v2\/media\/6018"}],"wp:attachment":[{"href":"http:\/\/www.rincondelbulla.cl\/portal\/wp-json\/wp\/v2\/media?parent=6013"}],"wp:term":[{"taxonomy":"category","embeddable":true,"href":"http:\/\/www.rincondelbulla.cl\/portal\/wp-json\/wp\/v2\/categories?post=6013"},{"taxonomy":"post_tag","embeddable":true,"href":"http:\/\/www.rincondelbulla.cl\/portal\/wp-json\/wp\/v2\/tags?post=6013"}],"curies":[{"name":"wp","href":"https:\/\/api.w.org\/{rel}","templated":true}]}}