{"id":6105,"date":"2014-11-15T15:45:57","date_gmt":"2014-11-15T15:45:57","guid":{"rendered":"http:\/\/www.rincondelbulla.cl\/portal\/?p=6105"},"modified":"2014-11-15T17:34:16","modified_gmt":"2014-11-15T17:34:16","slug":"la-fuerza-charrua-y-la-u","status":"publish","type":"post","link":"http:\/\/www.rincondelbulla.cl\/portal\/2014\/11\/15\/la-fuerza-charrua-y-la-u\/","title":{"rendered":"La fuerza charr\u00faa y la \u201cU\u201d"},"content":{"rendered":"<figure id=\"attachment_6108\" aria-describedby=\"caption-attachment-6108\" style=\"width: 1100px\" class=\"wp-caption alignnone\"><a href=\"http:\/\/www.rincondelbulla.cl\/portal\/wp-content\/uploads\/2014\/11\/pereira-corujo.jpg\"><img loading=\"lazy\" decoding=\"async\" class=\"wp-image-6108 size-full\" src=\"http:\/\/www.rincondelbulla.cl\/portal\/wp-content\/uploads\/2014\/11\/pereira-corujo.jpg\" alt=\"\" width=\"1100\" height=\"700\" srcset=\"http:\/\/www.rincondelbulla.cl\/portal\/wp-content\/uploads\/2014\/11\/pereira-corujo.jpg 1100w, http:\/\/www.rincondelbulla.cl\/portal\/wp-content\/uploads\/2014\/11\/pereira-corujo-300x191.jpg 300w, http:\/\/www.rincondelbulla.cl\/portal\/wp-content\/uploads\/2014\/11\/pereira-corujo-768x489.jpg 768w, http:\/\/www.rincondelbulla.cl\/portal\/wp-content\/uploads\/2014\/11\/pereira-corujo-696x443.jpg 696w, http:\/\/www.rincondelbulla.cl\/portal\/wp-content\/uploads\/2014\/11\/pereira-corujo-1068x680.jpg 1068w, http:\/\/www.rincondelbulla.cl\/portal\/wp-content\/uploads\/2014\/11\/pereira-corujo-660x420.jpg 660w\" sizes=\"auto, (max-width: 1100px) 100vw, 1100px\" \/><\/a><figcaption id=\"caption-attachment-6108\" class=\"wp-caption-text\">Foto: Selecci\u00f3n Uruguaya<\/figcaption><\/figure>\n<p><strong>Este semestre \u201cla celeste\u201d se tom\u00f3 el camar\u00edn azul, y no solo eso, tambi\u00e9n ha sabido responder de buena manera, e incluso dos de los jugadores orientales han sido nominados a su selecci\u00f3n que este martes enfrenta a su par chileno.<\/strong><\/p>\n<p><!--more--><\/p>\n<p>Quiz\u00e1s para los nost\u00e1lgicos de la historia azul el nombre de Pedro Vigorito les pueda hacer ruido. Lo cierto es que fue el primer charr\u00faa en llegar a la \u201cU\u201d y en abrir la senda para muchos de sus compatriotas que tendr\u00edan buenas actuaciones.<\/p>\n<p>Antonio \u00c1lvarez, Luis Miloc y Ubaldo Cruche ser\u00edan quienes se encargar\u00edan de continuar la senda de los charr\u00faas con la camiseta azul. Ser\u00eda este \u00faltimo quien dejar\u00e1 huella en la \u201cU\u201d, con 42 goles en dos campeonatos se convirti\u00f3 en unos de los referentes de los a\u00f1os 40\u2019.<\/p>\n<p>Pasar\u00edan largos a\u00f1os para que nuevamente un jugador uruguayo dejara huella. El 2005 lleg\u00f3 Juan Manuel Olivera (\u201cEl Palote\u201d), \u00a0quien volver\u00eda a reencontrarse con la \u201cU\u201d en el 2009, y se convertir\u00eda en el jugador uruguayo con m\u00e1s presencias (92) y goles (53) a lo largo de la historia. Paralelo a su \u00faltima presencia, estuvo compartiendo cancha con Mauricio Victorino, un central de categor\u00eda internacional y que a\u00fan es anhelo de los hinchas azules.<\/p>\n<p>Hoy, quienes le dan un toque celeste al CDA son el DT Martin Lasarte, y los jugadores Math\u00edas Corujo y Guzm\u00e1n Pereira. Son estos \u00faltimos quienes hoy entrenan junto a su selecci\u00f3n para enfrentar a su s\u00edmil chileno este martes. Pero que fuera de aquello deber\u00e1n reintegrarse a los entrenamientos de los azueles para en lo que queda de campeonato mantener el liderato y consolidar sus buenas actuaciones<\/p>\n","protected":false},"excerpt":{"rendered":"<p>Este semestre \u201cla celeste\u201d se tom\u00f3 el camar\u00edn azul, y no solo eso, tambi\u00e9n ha sabido responder de buena manera, e incluso dos de los jugadores orientales han sido nominados a su selecci\u00f3n que este martes enfrenta a su par chileno.<\/p>\n","protected":false},"author":65,"featured_media":6106,"comment_status":"closed","ping_status":"open","sticky":false,"template":"","format":"standard","meta":{"footnotes":""},"categories":[18],"tags":[454,248,257,283],"class_list":{"0":"post-6105","1":"post","2":"type-post","3":"status-publish","4":"format-standard","5":"has-post-thumbnail","7":"category-actualidad","8":"tag-actualidad","9":"tag-guzman-pereria","10":"tag-mathias-corujo","11":"tag-seleccion-uruguay"},"_links":{"self":[{"href":"http:\/\/www.rincondelbulla.cl\/portal\/wp-json\/wp\/v2\/posts\/6105","targetHints":{"allow":["GET"]}}],"collection":[{"href":"http:\/\/www.rincondelbulla.cl\/portal\/wp-json\/wp\/v2\/posts"}],"about":[{"href":"http:\/\/www.rincondelbulla.cl\/portal\/wp-json\/wp\/v2\/types\/post"}],"author":[{"embeddable":true,"href":"http:\/\/www.rincondelbulla.cl\/portal\/wp-json\/wp\/v2\/users\/65"}],"replies":[{"embeddable":true,"href":"http:\/\/www.rincondelbulla.cl\/portal\/wp-json\/wp\/v2\/comments?post=6105"}],"version-history":[{"count":4,"href":"http:\/\/www.rincondelbulla.cl\/portal\/wp-json\/wp\/v2\/posts\/6105\/revisions"}],"predecessor-version":[{"id":6123,"href":"http:\/\/www.rincondelbulla.cl\/portal\/wp-json\/wp\/v2\/posts\/6105\/revisions\/6123"}],"wp:featuredmedia":[{"embeddable":true,"href":"http:\/\/www.rincondelbulla.cl\/portal\/wp-json\/wp\/v2\/media\/6106"}],"wp:attachment":[{"href":"http:\/\/www.rincondelbulla.cl\/portal\/wp-json\/wp\/v2\/media?parent=6105"}],"wp:term":[{"taxonomy":"category","embeddable":true,"href":"http:\/\/www.rincondelbulla.cl\/portal\/wp-json\/wp\/v2\/categories?post=6105"},{"taxonomy":"post_tag","embeddable":true,"href":"http:\/\/www.rincondelbulla.cl\/portal\/wp-json\/wp\/v2\/tags?post=6105"}],"curies":[{"name":"wp","href":"https:\/\/api.w.org\/{rel}","templated":true}]}}