{"id":6110,"date":"2014-11-17T21:12:08","date_gmt":"2014-11-17T21:12:08","guid":{"rendered":"http:\/\/www.rincondelbulla.cl\/portal\/?p=6110"},"modified":"2014-11-17T21:12:08","modified_gmt":"2014-11-17T21:12:08","slug":"como-me-hice-azul-la-pilsen-band-y-pedro-oyarzun","status":"publish","type":"post","link":"http:\/\/www.rincondelbulla.cl\/portal\/2014\/11\/17\/como-me-hice-azul-la-pilsen-band-y-pedro-oyarzun\/","title":{"rendered":"\u00bfC\u00f3mo me hice azul?: La Pilsen Band y Pedro Oyarz\u00fan"},"content":{"rendered":"<figure id=\"attachment_6111\" aria-describedby=\"caption-attachment-6111\" style=\"width: 1100px\" class=\"wp-caption alignnone\"><a href=\"http:\/\/www.rincondelbulla.cl\/portal\/wp-content\/uploads\/2014\/11\/pilsenband1.jpg\"><img loading=\"lazy\" decoding=\"async\" class=\"wp-image-6111 size-full\" src=\"http:\/\/www.rincondelbulla.cl\/portal\/wp-content\/uploads\/2014\/11\/pilsenband1.jpg\" alt=\"Historia de Pedro Oyarz\u00fan y la cerveza de la \u201cPilsen Band\u201d - Foto: Claudio C\u00e1ceres\" width=\"1100\" height=\"700\" srcset=\"http:\/\/www.rincondelbulla.cl\/portal\/wp-content\/uploads\/2014\/11\/pilsenband1.jpg 1100w, http:\/\/www.rincondelbulla.cl\/portal\/wp-content\/uploads\/2014\/11\/pilsenband1-300x191.jpg 300w, http:\/\/www.rincondelbulla.cl\/portal\/wp-content\/uploads\/2014\/11\/pilsenband1-768x489.jpg 768w, http:\/\/www.rincondelbulla.cl\/portal\/wp-content\/uploads\/2014\/11\/pilsenband1-696x443.jpg 696w, http:\/\/www.rincondelbulla.cl\/portal\/wp-content\/uploads\/2014\/11\/pilsenband1-1068x680.jpg 1068w, http:\/\/www.rincondelbulla.cl\/portal\/wp-content\/uploads\/2014\/11\/pilsenband1-660x420.jpg 660w\" sizes=\"auto, (max-width: 1100px) 100vw, 1100px\" \/><\/a><figcaption id=\"caption-attachment-6111\" class=\"wp-caption-text\">Historia de Pedro Oyarz\u00fan y la cerveza de la \u201cPilsen Band\u201d &#8211; Foto: Claudio C\u00e1ceres<\/figcaption><\/figure>\n<p><strong>Inauguramos una nueva secci\u00f3n en el Rinc\u00f3n del Bulla, espacio destinado para conocer a los fan\u00e1ticos de la Universidad de Chile y su historia, un lugar para encontrarnos y reconocernos. Escrito por: Esteban Echag\u00fce.<\/strong><!--more--><\/p>\n<p>En esta primera oportunidad comenzaremos con la entrevista a un bullanguero fan\u00e1tico que tuvo la genial idea junto a su grupo de amigos de crear la primera cerveza de\u00a0una barra brava en todo el mundo.<\/p>\n<p>El nombre de la cerveza lleva el mismo nombre del grupo de amigos que la creo, ellos se llaman\u00a0\u201cLa Pilsen Band\u201d, y en honor a los diez a\u00f1os de amistad crearon este producto. Uno de sus integrantes y vocero se llama Pedro Oyarz\u00fan, y conversamos con \u00e9l.<\/p>\n<p>Nos cont\u00f3 que es una cerveza que no tiene por objetivo salir a la venta, ya que <strong>\u201ces nuestra manera de rendirle culto a lo que significa la U\u201d<\/strong> y a la amistad en torno al club. En su elaboraci\u00f3n demoraron alrededor de tres meses, y reci\u00e9n en estos d\u00edas cumplen una semana de su lanzamiento.<\/p>\n<p><strong>\u00bfC\u00f3mo te hiciste de la U?<\/strong><\/p>\n<p>En lo personal fue gracias a mi padrastro que me hice de la U, cuando era chico, con \u00e9l fuimos al estadio, vimos al\u00a0<strong>Imperio Azul<\/strong>, de ah\u00ed seguimos toda la campa\u00f1a de segunda, y luego cuando tuve \u201clucas\u00bb me fui de viaje por todos lados siguiendo a la U, postergando hartas cosas.<\/p>\n<figure id=\"attachment_6119\" aria-describedby=\"caption-attachment-6119\" style=\"width: 190px\" class=\"wp-caption alignleft\"><a href=\"http:\/\/www.rincondelbulla.cl\/portal\/wp-content\/uploads\/2014\/11\/pilsenband3.jpg\"><img loading=\"lazy\" decoding=\"async\" class=\"wp-image-6119 size-medium\" src=\"http:\/\/www.rincondelbulla.cl\/portal\/wp-content\/uploads\/2014\/11\/pilsenband3-190x300.jpg\" alt=\"\" width=\"190\" height=\"300\" \/><\/a><figcaption id=\"caption-attachment-6119\" class=\"wp-caption-text\">La cerveza de la \u201cPilsen Band\u201d<\/figcaption><\/figure>\n<p><strong>\u00bfC\u00f3mo fue que llegaron al tema de la cerveza?<\/strong><\/p>\n<p>Bueno como el grupo se llama la \u00abPilsen Band\u00bb nos caracterizamos por tomar cerveza, y con el grupo de amigos \u00edbamos a todas las fiestas de la cerveza, Malloco, las Vizcachas, etc., y ten\u00edamos buena onda con algunos productores de cerveza, se gest\u00f3 la posibilidad y la materializamos en esa botella que tenemos ahora.<\/p>\n<p>En esta botella sale un poco de la historia del grupo : \u201cCerveza artesanal azul, como es nuestro coraz\u00f3n, nacida como homenaje a la amistad y al amor incondicional a la U. Hace 10 a\u00f1os este sentimiento nos uni\u00f3 como una sola voz en el tabl\u00f3n y hoy continua latiendo cada vez que brindamos por la U y la hermandad, no inventamos ni la amistad ni la camarader\u00eda pero le pusimos un nombre.\u201d<\/p>\n<p><strong>\u00bfCu\u00e1les son las caracter\u00edsticas de esta cerveza?<\/strong><\/p>\n<p>Es una cerveza rubia, con cuerpo, sin filtrar. Es una cerveza de 4,9 grados alcoh\u00f3licos, y al paladar es exquisita, para servirse bien helada. Y se caracteriza por la leyenda que tiene en su etiqueta, hasta su tapa es personalizada, azul. El logo lo hizo un amigo dise\u00f1ador y es que nos preocupamos de cada detalle, por eso es una cerveza pensada para gente de la U.<\/p>\n<p>No s\u00f3lo para el grupo, que somos 18, hicimos m\u00e1s de quinientas, entonces la idea es regalar y que se fuera expandiendo, y con ello ha salido en los medios, y as\u00ed es como se ha ido conociendo.<\/p>\n<p><strong>\u00bfC\u00f3mo ha sido la recepci\u00f3n en los medios ?<\/strong><\/p>\n<p>Ha sido bastante buena, en la Cuarta, RedGol, el Gr\u00e1fico Chile, Publimetro, ADN, Jaidefinichon, con una parodia, etc. Y si tu ves nuestro Facebook, de tener 2000 amigos pasamos a tener 4000 en una semana, gente pregunt\u00e1ndonos por la cerveza en Inbox, en WhatsApp, gente que no me conoce me escribe pidi\u00e9ndome y pregunt\u00e1ndome como consigo una unidad; de Colombia me estaban ofreciendo 40 d\u00f3lares por una botella; un coleccionista de Argentina; gente que es de la U que vive en Noruega; Gente que no te pregunta cu\u00e1nto sale una unidad y ya te esta encargando 2, 3 cajas de 24 unidades, entonces la verdad es que ha generado harto revuelo y nos tiene contentos, nunca dimensionamos que con una foto y el refrigerador lleno \u00edbamos a generar tanto inter\u00e9s.<\/p>\n<p>De ah\u00ed nos contactaron de las \u00daltimas noticias y la Cuarta, que son los medios m\u00e1s masivos y de ah\u00ed parti\u00f3 todo lo que es la difusi\u00f3n de la cerveza.<\/p>\n<p>Pedro Oyarz\u00fan y La Pilsen Band \u00a0lanzaron un concurso para el nuevo dise\u00f1o de la etiqueta, ya que el \u201cChuncho\u201d es propiedad, por el momento, de la concesionaria Azul Azul y de ser utilizado por alguien externo se debe cancelar uso de imagen, siempre que estos autoricen la utilizaci\u00f3n del emblema.<\/p>\n","protected":false},"excerpt":{"rendered":"<p>Inauguramos una nueva secci\u00f3n en el Rinc\u00f3n del Bulla, espacio destinado para conocer a los fan\u00e1ticos de la Universidad de Chile y su historia, un lugar para encontrarnos y reconocernos. Escrito por: Esteban Echag\u00fce.<\/p>\n","protected":false},"author":56,"featured_media":6111,"comment_status":"closed","ping_status":"open","sticky":false,"template":"","format":"standard","meta":{"footnotes":""},"categories":[18],"tags":[454,284],"class_list":{"0":"post-6110","1":"post","2":"type-post","3":"status-publish","4":"format-standard","5":"has-post-thumbnail","7":"category-actualidad","8":"tag-actualidad","9":"tag-como-me-hice-azul"},"_links":{"self":[{"href":"http:\/\/www.rincondelbulla.cl\/portal\/wp-json\/wp\/v2\/posts\/6110","targetHints":{"allow":["GET"]}}],"collection":[{"href":"http:\/\/www.rincondelbulla.cl\/portal\/wp-json\/wp\/v2\/posts"}],"about":[{"href":"http:\/\/www.rincondelbulla.cl\/portal\/wp-json\/wp\/v2\/types\/post"}],"author":[{"embeddable":true,"href":"http:\/\/www.rincondelbulla.cl\/portal\/wp-json\/wp\/v2\/users\/56"}],"replies":[{"embeddable":true,"href":"http:\/\/www.rincondelbulla.cl\/portal\/wp-json\/wp\/v2\/comments?post=6110"}],"version-history":[{"count":12,"href":"http:\/\/www.rincondelbulla.cl\/portal\/wp-json\/wp\/v2\/posts\/6110\/revisions"}],"predecessor-version":[{"id":6147,"href":"http:\/\/www.rincondelbulla.cl\/portal\/wp-json\/wp\/v2\/posts\/6110\/revisions\/6147"}],"wp:featuredmedia":[{"embeddable":true,"href":"http:\/\/www.rincondelbulla.cl\/portal\/wp-json\/wp\/v2\/media\/6111"}],"wp:attachment":[{"href":"http:\/\/www.rincondelbulla.cl\/portal\/wp-json\/wp\/v2\/media?parent=6110"}],"wp:term":[{"taxonomy":"category","embeddable":true,"href":"http:\/\/www.rincondelbulla.cl\/portal\/wp-json\/wp\/v2\/categories?post=6110"},{"taxonomy":"post_tag","embeddable":true,"href":"http:\/\/www.rincondelbulla.cl\/portal\/wp-json\/wp\/v2\/tags?post=6110"}],"curies":[{"name":"wp","href":"https:\/\/api.w.org\/{rel}","templated":true}]}}