{"id":6136,"date":"2014-11-17T12:40:57","date_gmt":"2014-11-17T12:40:57","guid":{"rendered":"http:\/\/www.rincondelbulla.cl\/portal\/?p=6136"},"modified":"2014-11-17T20:08:30","modified_gmt":"2014-11-17T20:08:30","slug":"programacion-en-inedito-duelo-la-u-buscara-seguir-en-la-lucha-por-el-titulo","status":"publish","type":"post","link":"http:\/\/www.rincondelbulla.cl\/portal\/2014\/11\/17\/programacion-en-inedito-duelo-la-u-buscara-seguir-en-la-lucha-por-el-titulo\/","title":{"rendered":"[Programaci\u00f3n] En in\u00e9dito duelo la \u201cU\u201d buscar\u00e1 seguir en la lucha por el t\u00edtulo"},"content":{"rendered":"<figure id=\"attachment_5794\" aria-describedby=\"caption-attachment-5794\" style=\"width: 1100px\" class=\"wp-caption alignnone\"><a href=\"http:\/\/www.rincondelbulla.cl\/portal\/wp-content\/uploads\/2014\/10\/canales3.jpg\"><img loading=\"lazy\" decoding=\"async\" class=\"size-full wp-image-5794\" src=\"http:\/\/www.rincondelbulla.cl\/portal\/wp-content\/uploads\/2014\/10\/canales3.jpg\" alt=\"Con Barnechea vuelve Canales - Foto: Patricio Gonz\u00e1lez\" width=\"1100\" height=\"700\" srcset=\"http:\/\/www.rincondelbulla.cl\/portal\/wp-content\/uploads\/2014\/10\/canales3.jpg 1100w, http:\/\/www.rincondelbulla.cl\/portal\/wp-content\/uploads\/2014\/10\/canales3-300x191.jpg 300w, http:\/\/www.rincondelbulla.cl\/portal\/wp-content\/uploads\/2014\/10\/canales3-768x489.jpg 768w, http:\/\/www.rincondelbulla.cl\/portal\/wp-content\/uploads\/2014\/10\/canales3-696x443.jpg 696w, http:\/\/www.rincondelbulla.cl\/portal\/wp-content\/uploads\/2014\/10\/canales3-1068x680.jpg 1068w, http:\/\/www.rincondelbulla.cl\/portal\/wp-content\/uploads\/2014\/10\/canales3-660x420.jpg 660w\" sizes=\"auto, (max-width: 1100px) 100vw, 1100px\" \/><\/a><figcaption id=\"caption-attachment-5794\" class=\"wp-caption-text\">Con Barnechea vuelve Canales &#8211; Foto: Patricio Gonz\u00e1lez<\/figcaption><\/figure>\n<p><strong>El pr\u00f3ximo s\u00e1bado 22 de noviembre, Universidad de Chile se enfrentar\u00e1 a Barnechea en un duelo sin registros oficiales. El equipo de Lasarte buscar\u00e1 imponerse para mantener el liderato en la tabla.\u00a0<\/strong><\/p>\n<p><!--more--><\/p>\n<p>S\u00f3lo quedan 270 minutos para que termine el torneo y la U sigue con la principal chance de quedarse con el t\u00edtulo, y la pr\u00f3xima \u201cfinal\u201d a enfrentar ser\u00e1 ante Barnechea en un seguramente lleno Estadio Nacional. Luego del receso los azules volver\u00edan a entrenar con equipo completo, para preparar este importante duelo nunca antes jugado de manera oficial.<\/p>\n<p class=\"p1\"><span class=\"s1\">Es sabido que parte del plantel est\u00e1n repartidos entre la Selecci\u00f3n Uruguaya y la Roja, por lo que finalizado este cotejo a jugarse el martes se reincorporar\u00edan a los entrenamientos Johnny Herrera, Jos\u00e9 Rojas, Mat\u00edas Corujo y Guzm\u00e1n Pereira.<\/span><\/p>\n<p class=\"p1\"><span class=\"s1\">Las buenas noticias para el cuadro azul y en especial para su t\u00e9cnico, Martin Lasarte, es que volver\u00e1n los lesionados Gonzalo Espinoza, Sebasti\u00e1n Mart\u00ednez y Gustavo Canales, piezas fundamentales en el engranaje del equipo durante las primeras fechas. <\/span><\/p>\n<p class=\"p1\"><span class=\"s1\">Pese a los 18 puntos que diferencian a Universidad de Chile de Barnechea, el equipo de Francisco Boz\u00e1n viene en racha, logrando buenos resultados en las \u00faltimas fechas. Los \u201cHuaicocheros\u201d llevan cuatro partidos sin perder puntos y vencieron en el \u00faltimo partido 3 a 0 a Huachipato.<\/span><\/p>\n<p class=\"p2\"><span class=\"s1\">Por su parte, el presente de los azules tambi\u00e9n es prometedor, especialmente despu\u00e9s de la \u00faltima goleada de 4 a 0 que los azules le propiciaron en el norte al colista, Cobreloa. Considerando el nivel en alza y la recuperaci\u00f3n de los lesionados, la \u201cU\u201d no deber\u00eda tener problemas para seguir en su lucha por el campeonato y escribir el primer triunfo ante Barnechea en los anales del campeonato chileno.<\/span><\/p>\n<p class=\"p2\"><span class=\"s1\"><b>Viernes 21 de noviembre:<\/b><\/span><\/p>\n<ul>\n<li class=\"p2\"><span class=\"s1\">Antofagasta \u2013 Cobreloa. Estadio Calvo y Bascu\u00f1an. 18:30 horas.<\/span><\/li>\n<li class=\"p2\">Huachipato \u2013 Uni\u00f3n Espa\u00f1ola. Estadio CAP. 21:00 horas.<\/li>\n<\/ul>\n<p class=\"p2\"><span class=\"s1\"><b>S\u00e1bado 22 de noviembre:<\/b><\/span><\/p>\n<ul>\n<li class=\"p2\"><span class=\"s1\">U. de Chile \u2013 Barnechea. Estadio Nacional. 16:00 horas.<\/span><\/li>\n<li class=\"p2\"><span class=\"s1\">S. Wanderers \u2013 \u00d1ublense. Bicentenario El\u00edas Figueroa. 18:30 horas.<\/span><\/li>\n<li class=\"p2\"><span class=\"s1\">SM Arica \u2013 Iquique. Carlos Dittborn. 21:00 horas.<\/span><\/li>\n<\/ul>\n<p class=\"p2\"><span class=\"s1\"><b>Domingo 23 de noviembre:<\/b><\/span><\/p>\n<ul>\n<li class=\"p2\"><span class=\"s1\">U. Cat\u00f3lica \u2013 Colo-Colo. Estadio Santa Laura. 16:00 horas.<\/span><\/li>\n<li class=\"p2\"><span class=\"s1\">Cobresal \u2013 O\u2019Higgins. Estadio el Cobre. 16:00 horas.<\/span><\/li>\n<li class=\"p2\"><span class=\"s1\">Palestino \u2013 U. Calera. Municipal de La Cisterna. 16:00 horas.<\/span><\/li>\n<li class=\"p2\"><span class=\"s1\">Audax Italiano \u2013 U. de Concepci\u00f3n.\u00a0Bicentenario de La Florida.18:30 hrs.<\/span><\/li>\n<\/ul>\n","protected":false},"excerpt":{"rendered":"<p>El pr\u00f3ximo s\u00e1bado 22 de noviembre, Universidad de Chile se enfrentar\u00e1 a Barnechea en un duelo sin registros oficiales. El equipo de Lasarte buscar\u00e1 imponerse para mantener el liderato en la tabla.\u00a0<\/p>\n","protected":false},"author":21383,"featured_media":5794,"comment_status":"closed","ping_status":"open","sticky":false,"template":"","format":"standard","meta":{"footnotes":""},"categories":[18],"tags":[454,232,157,59,156],"class_list":{"0":"post-6136","1":"post","2":"type-post","3":"status-publish","4":"format-standard","5":"has-post-thumbnail","7":"category-actualidad","8":"tag-actualidad","9":"tag-apertura-2014-2015","10":"tag-portada","11":"tag-programacion","12":"tag-universidad-de-chile"},"_links":{"self":[{"href":"http:\/\/www.rincondelbulla.cl\/portal\/wp-json\/wp\/v2\/posts\/6136","targetHints":{"allow":["GET"]}}],"collection":[{"href":"http:\/\/www.rincondelbulla.cl\/portal\/wp-json\/wp\/v2\/posts"}],"about":[{"href":"http:\/\/www.rincondelbulla.cl\/portal\/wp-json\/wp\/v2\/types\/post"}],"author":[{"embeddable":true,"href":"http:\/\/www.rincondelbulla.cl\/portal\/wp-json\/wp\/v2\/users\/21383"}],"replies":[{"embeddable":true,"href":"http:\/\/www.rincondelbulla.cl\/portal\/wp-json\/wp\/v2\/comments?post=6136"}],"version-history":[{"count":6,"href":"http:\/\/www.rincondelbulla.cl\/portal\/wp-json\/wp\/v2\/posts\/6136\/revisions"}],"predecessor-version":[{"id":6145,"href":"http:\/\/www.rincondelbulla.cl\/portal\/wp-json\/wp\/v2\/posts\/6136\/revisions\/6145"}],"wp:featuredmedia":[{"embeddable":true,"href":"http:\/\/www.rincondelbulla.cl\/portal\/wp-json\/wp\/v2\/media\/5794"}],"wp:attachment":[{"href":"http:\/\/www.rincondelbulla.cl\/portal\/wp-json\/wp\/v2\/media?parent=6136"}],"wp:term":[{"taxonomy":"category","embeddable":true,"href":"http:\/\/www.rincondelbulla.cl\/portal\/wp-json\/wp\/v2\/categories?post=6136"},{"taxonomy":"post_tag","embeddable":true,"href":"http:\/\/www.rincondelbulla.cl\/portal\/wp-json\/wp\/v2\/tags?post=6136"}],"curies":[{"name":"wp","href":"https:\/\/api.w.org\/{rel}","templated":true}]}}