{"id":6177,"date":"2014-11-19T17:24:29","date_gmt":"2014-11-19T17:24:29","guid":{"rendered":"http:\/\/www.rincondelbulla.cl\/portal\/?p=6177"},"modified":"2014-11-19T17:24:29","modified_gmt":"2014-11-19T17:24:29","slug":"cristian-suarez-la-u-merece-ser-campeon","status":"publish","type":"post","link":"http:\/\/www.rincondelbulla.cl\/portal\/2014\/11\/19\/cristian-suarez-la-u-merece-ser-campeon\/","title":{"rendered":"Cristian Su\u00e1rez: \u201cLa U merece ser campe\u00f3n\u201d"},"content":{"rendered":"<p><a href=\"http:\/\/www.rincondelbulla.cl\/portal\/wp-content\/uploads\/2014\/11\/10547673_796386670394691_1384774889854776556_n.jpg\"><img loading=\"lazy\" decoding=\"async\" class=\"alignnone size-full wp-image-6178\" src=\"http:\/\/www.rincondelbulla.cl\/portal\/wp-content\/uploads\/2014\/11\/10547673_796386670394691_1384774889854776556_n.jpg\" alt=\"Cristian Su\u00e1reez\" width=\"900\" height=\"600\" srcset=\"http:\/\/www.rincondelbulla.cl\/portal\/wp-content\/uploads\/2014\/11\/10547673_796386670394691_1384774889854776556_n.jpg 900w, http:\/\/www.rincondelbulla.cl\/portal\/wp-content\/uploads\/2014\/11\/10547673_796386670394691_1384774889854776556_n-300x200.jpg 300w, http:\/\/www.rincondelbulla.cl\/portal\/wp-content\/uploads\/2014\/11\/10547673_796386670394691_1384774889854776556_n-768x512.jpg 768w, http:\/\/www.rincondelbulla.cl\/portal\/wp-content\/uploads\/2014\/11\/10547673_796386670394691_1384774889854776556_n-696x464.jpg 696w, http:\/\/www.rincondelbulla.cl\/portal\/wp-content\/uploads\/2014\/11\/10547673_796386670394691_1384774889854776556_n-630x420.jpg 630w\" sizes=\"auto, (max-width: 900px) 100vw, 900px\" \/><\/a><\/p>\n<p><strong>El defensor azul habl\u00f3 hoy desde el Centro Deportivo Azul en donde enfatiz\u00f3 en la buena campa\u00f1a que han realizado de cara al t\u00edtulo, sum\u00e1ndole a esto que la \u201cU\u201d tiene la prisi\u00f3n de ganar s\u00ed o s\u00ed.<\/strong><strong>\u00a0<\/strong><\/p>\n<p><!--more--><\/p>\n<p>Las \u00faltimas tres fechas que restan del campeonato siguen siendo claves para definir al campe\u00f3n del Torneo de Apertura, en este contexto Cristian Su\u00e1rez est\u00e1 consciente del presente azul de tener la primera oportunidad de cara al t\u00edtulo.<\/p>\n<p>El \u201cBanana\u201d reconoce que el equipo ha tenido un alza de nivel en los \u00faltimos partidos<strong>.<\/strong>\u00abPor algo hemos estado arriba todo el campeonato. Las \u00faltimas dos fechas lo hicimos de muy buena forma, por eso estamos punteros y merecemos ser campeones\u201d.<\/p>\n<p>Respecto al partido de este s\u00e1bado, Su\u00e1rez reconoci\u00f3 que Barnechea para nada ser\u00e1 un rival f\u00e1cil y que se deben tomar los recaudos correspondientes.<strong> \u201c<\/strong>Barnechea a la hora de defender se repliega bien y salen r\u00e1pido en el contragolpe, as\u00ed es que hay que tener cuidado. La idea es hacer nuestro juego, y tratar de salir a buscar el partido; ser\u00e1 dif\u00edcil, pero confiamos en el trabajo que se est\u00e1 haciendo\u201d.<\/p>\n","protected":false},"excerpt":{"rendered":"<p>El defensor azul habl\u00f3 hoy desde el Centro Deportivo Azul en donde enfatiz\u00f3 en la buena campa\u00f1a que han realizado de cara al t\u00edtulo, sum\u00e1ndole a esto que la \u201cU\u201d tiene la prisi\u00f3n de ganar s\u00ed o s\u00ed.\u00a0<\/p>\n","protected":false},"author":65,"featured_media":6178,"comment_status":"closed","ping_status":"open","sticky":false,"template":"","format":"standard","meta":{"footnotes":""},"categories":[18],"tags":[288,287],"class_list":{"0":"post-6177","1":"post","2":"type-post","3":"status-publish","4":"format-standard","5":"has-post-thumbnail","7":"category-actualidad","8":"tag-cda","9":"tag-cristian-suarez"},"_links":{"self":[{"href":"http:\/\/www.rincondelbulla.cl\/portal\/wp-json\/wp\/v2\/posts\/6177","targetHints":{"allow":["GET"]}}],"collection":[{"href":"http:\/\/www.rincondelbulla.cl\/portal\/wp-json\/wp\/v2\/posts"}],"about":[{"href":"http:\/\/www.rincondelbulla.cl\/portal\/wp-json\/wp\/v2\/types\/post"}],"author":[{"embeddable":true,"href":"http:\/\/www.rincondelbulla.cl\/portal\/wp-json\/wp\/v2\/users\/65"}],"replies":[{"embeddable":true,"href":"http:\/\/www.rincondelbulla.cl\/portal\/wp-json\/wp\/v2\/comments?post=6177"}],"version-history":[{"count":2,"href":"http:\/\/www.rincondelbulla.cl\/portal\/wp-json\/wp\/v2\/posts\/6177\/revisions"}],"predecessor-version":[{"id":6180,"href":"http:\/\/www.rincondelbulla.cl\/portal\/wp-json\/wp\/v2\/posts\/6177\/revisions\/6180"}],"wp:featuredmedia":[{"embeddable":true,"href":"http:\/\/www.rincondelbulla.cl\/portal\/wp-json\/wp\/v2\/media\/6178"}],"wp:attachment":[{"href":"http:\/\/www.rincondelbulla.cl\/portal\/wp-json\/wp\/v2\/media?parent=6177"}],"wp:term":[{"taxonomy":"category","embeddable":true,"href":"http:\/\/www.rincondelbulla.cl\/portal\/wp-json\/wp\/v2\/categories?post=6177"},{"taxonomy":"post_tag","embeddable":true,"href":"http:\/\/www.rincondelbulla.cl\/portal\/wp-json\/wp\/v2\/tags?post=6177"}],"curies":[{"name":"wp","href":"https:\/\/api.w.org\/{rel}","templated":true}]}}