{"id":6189,"date":"2014-11-20T19:05:07","date_gmt":"2014-11-20T19:05:07","guid":{"rendered":"http:\/\/www.rincondelbulla.cl\/portal\/?p=6189"},"modified":"2014-11-20T19:16:09","modified_gmt":"2014-11-20T19:16:09","slug":"gonzalo-espinoza-merecemos-ser-campeones-pero-para-eso-hay-que-trabajar-si-no-no-sirve-de-nada","status":"publish","type":"post","link":"http:\/\/www.rincondelbulla.cl\/portal\/2014\/11\/20\/gonzalo-espinoza-merecemos-ser-campeones-pero-para-eso-hay-que-trabajar-si-no-no-sirve-de-nada\/","title":{"rendered":"Gonzalo Espinoza: \u00abMerecemos ser campeones, pero para eso hay que trabajar\u00bb"},"content":{"rendered":"<figure id=\"attachment_5958\" aria-describedby=\"caption-attachment-5958\" style=\"width: 1100px\" class=\"wp-caption alignnone\"><a href=\"http:\/\/www.rincondelbulla.cl\/portal\/wp-content\/uploads\/2014\/11\/gonzalo_espinoza.jpg\"><img loading=\"lazy\" decoding=\"async\" class=\"size-full wp-image-5958\" src=\"http:\/\/www.rincondelbulla.cl\/portal\/wp-content\/uploads\/2014\/11\/gonzalo_espinoza.jpg\" alt=\"Foto: Patricio Gonz\u00e1lez\" width=\"1100\" height=\"700\" srcset=\"http:\/\/www.rincondelbulla.cl\/portal\/wp-content\/uploads\/2014\/11\/gonzalo_espinoza.jpg 1100w, http:\/\/www.rincondelbulla.cl\/portal\/wp-content\/uploads\/2014\/11\/gonzalo_espinoza-300x191.jpg 300w, http:\/\/www.rincondelbulla.cl\/portal\/wp-content\/uploads\/2014\/11\/gonzalo_espinoza-768x489.jpg 768w, http:\/\/www.rincondelbulla.cl\/portal\/wp-content\/uploads\/2014\/11\/gonzalo_espinoza-696x443.jpg 696w, http:\/\/www.rincondelbulla.cl\/portal\/wp-content\/uploads\/2014\/11\/gonzalo_espinoza-1068x680.jpg 1068w, http:\/\/www.rincondelbulla.cl\/portal\/wp-content\/uploads\/2014\/11\/gonzalo_espinoza-660x420.jpg 660w\" sizes=\"auto, (max-width: 1100px) 100vw, 1100px\" \/><\/a><figcaption id=\"caption-attachment-5958\" class=\"wp-caption-text\">Gonzalo Espinoza Foto: Patricio Gonz\u00e1lez<\/figcaption><\/figure>\n<p><strong>A dos d\u00edas del crucial encuentro con Barnechea di\u00e1logo con los medios uno de los recuperados del \u201cRom\u00e1ntico Viajero\u201d, hablo de lo que resta de torneo, se refiri\u00f3 a los dichos de Julio Barroso, del compromiso al interior del equipo y de su pasado en Barnechea.<\/strong><!--more--><\/p>\n<p>\u00abNo podemos cantar victoria todav\u00eda. Quedan tres fechas muy dif\u00edciles. No s\u00e9 si es un calendario m\u00e1s asequible que el de los otros candidatos. Ac\u00e1, es cuando tenemos que tener la cabeza m\u00e1s fr\u00eda. No podemos confiarnos por estar punteros. El peor rival de nosotros ser\u00eda el exceso de confianza. Tenemos que seguir por el mismo camino que venimos, tratar de ser contundentes y estar aplicados. La clave est\u00e1 ah\u00ed\u00bb poniendo \u00e9nfasis en que los partidos se deben jugar y ganar, pero \u201cObviamente confiamos en nosotros y nuestras capacidades\u201d fueron parte de las frases y que demuestran el \u00e1nimo que hay al interior del equipo.<\/p>\n<p>Ante la posibilidad de volver a vestir de corto el fin de semana declar\u00f3 \u201c\u00bb<strong>muy contento, porque ven\u00eda con muchas ganas de estar dentro de la cancha. (La lesi\u00f3n) Fue algo muy malo, pero ya estamos recuperados que es lo importante. La evoluci\u00f3n fue m\u00e1s r\u00e1pida de lo pronosticado y ahora estoy enfocado en lograr el objetivo<\/strong>\u00ab, agreg\u00f3 adem\u00e1s que al interior del equipo \u201cEstamos todos muy compenetrados y tiramos todos para el mismo lado, y estando todos a un muy buen nivel le ponemos la tarea dif\u00edcil a Mart\u00edn\u201d<\/p>\n<p>Respecto al partido del s\u00e1bado a las 16 horas \u00ab<strong>Va a ser dif\u00edcil porque hace cinco fechas que no pierden<\/strong>. El t\u00e9cnico (Francisco Boz\u00e1n) fue amigo mio cuando jugu\u00e9 en Barnechea. Es muy inteligente y hay que tener cuidado. Es un tipo muy derecho y lo ha reflejado en el equipo, que desde que lo tom\u00f3 le ha ido muy bien.\u201d asever\u00f3.<br \/>\nConsultado por la selecci\u00f3n nacional desliz\u00f3 su inter\u00e9s en ser parte del proceso llevado a cabo por Jorge Sampaoli \u00abSiempre sue\u00f1o con el tema de la Selecci\u00f3n, pero va de la mano con lo bien que haga los cosas en el club. En alg\u00fan momento llegar\u00e1. No me desespero. Si llega, ser\u00e1 el mejor momento. Sino, tendr\u00e9 que seguir trabajando\u00bb, asegur\u00f3.<\/p>\n<p>Finalmente a ser consultado por el tema del mes, los dichos de Julio Barroso, \u00abNunca me refiero a lo que hablen los dem\u00e1s. Cada uno sabe lo que dice lo que habla, no me gusta meterme en eso ni decir si est\u00e1 bien o mal. Ellos toman las decisiones, el Tribunal sabe por qu\u00e9 lo hace\u00bb, sentenci\u00f3, para despedirse con una frase que refleja el sentir azul <strong>\u00abMerecemos ser campeones, pero para eso hay que trabajar. Si no, no sirve de nada<\/strong>\u00bb abandonando la sala de prensa.<\/p>\n","protected":false},"excerpt":{"rendered":"<p>A dos d\u00edas del crucial encuentro con Barnechea di\u00e1logo con los medios uno de los recuperados del \u201cRom\u00e1ntico Viajero\u201d, hablo de lo que resta de torneo, se refiri\u00f3 a los dichos de Julio Barroso, del compromiso al interior del equipo y de su pasado en Barnechea.<\/p>\n","protected":false},"author":21381,"featured_media":5958,"comment_status":"closed","ping_status":"open","sticky":false,"template":"","format":"standard","meta":{"footnotes":""},"categories":[18],"tags":[454,232,209,261],"class_list":{"0":"post-6189","1":"post","2":"type-post","3":"status-publish","4":"format-standard","5":"has-post-thumbnail","7":"category-actualidad","8":"tag-actualidad","9":"tag-apertura-2014-2015","10":"tag-conferencia-de-prensa","11":"tag-gonzalo-espinoza"},"_links":{"self":[{"href":"http:\/\/www.rincondelbulla.cl\/portal\/wp-json\/wp\/v2\/posts\/6189","targetHints":{"allow":["GET"]}}],"collection":[{"href":"http:\/\/www.rincondelbulla.cl\/portal\/wp-json\/wp\/v2\/posts"}],"about":[{"href":"http:\/\/www.rincondelbulla.cl\/portal\/wp-json\/wp\/v2\/types\/post"}],"author":[{"embeddable":true,"href":"http:\/\/www.rincondelbulla.cl\/portal\/wp-json\/wp\/v2\/users\/21381"}],"replies":[{"embeddable":true,"href":"http:\/\/www.rincondelbulla.cl\/portal\/wp-json\/wp\/v2\/comments?post=6189"}],"version-history":[{"count":4,"href":"http:\/\/www.rincondelbulla.cl\/portal\/wp-json\/wp\/v2\/posts\/6189\/revisions"}],"predecessor-version":[{"id":6192,"href":"http:\/\/www.rincondelbulla.cl\/portal\/wp-json\/wp\/v2\/posts\/6189\/revisions\/6192"}],"wp:featuredmedia":[{"embeddable":true,"href":"http:\/\/www.rincondelbulla.cl\/portal\/wp-json\/wp\/v2\/media\/5958"}],"wp:attachment":[{"href":"http:\/\/www.rincondelbulla.cl\/portal\/wp-json\/wp\/v2\/media?parent=6189"}],"wp:term":[{"taxonomy":"category","embeddable":true,"href":"http:\/\/www.rincondelbulla.cl\/portal\/wp-json\/wp\/v2\/categories?post=6189"},{"taxonomy":"post_tag","embeddable":true,"href":"http:\/\/www.rincondelbulla.cl\/portal\/wp-json\/wp\/v2\/tags?post=6189"}],"curies":[{"name":"wp","href":"https:\/\/api.w.org\/{rel}","templated":true}]}}