{"id":6217,"date":"2014-11-24T14:35:43","date_gmt":"2014-11-24T14:35:43","guid":{"rendered":"http:\/\/www.rincondelbulla.cl\/portal\/?p=6217"},"modified":"2014-11-24T16:38:46","modified_gmt":"2014-11-24T16:38:46","slug":"marca-personal-los-recesos-que-le-hacen-mal-al-leon","status":"publish","type":"post","link":"http:\/\/www.rincondelbulla.cl\/portal\/2014\/11\/24\/marca-personal-los-recesos-que-le-hacen-mal-al-leon\/","title":{"rendered":"Marca Personal: Los recesos que le hacen mal al le\u00f3n"},"content":{"rendered":"<figure id=\"attachment_6021\" aria-describedby=\"caption-attachment-6021\" style=\"width: 1100px\" class=\"wp-caption alignnone\"><a href=\"http:\/\/www.rincondelbulla.cl\/portal\/wp-content\/uploads\/2014\/11\/johnny_herrera2.jpg\"><img loading=\"lazy\" decoding=\"async\" class=\"size-full wp-image-6021\" src=\"http:\/\/www.rincondelbulla.cl\/portal\/wp-content\/uploads\/2014\/11\/johnny_herrera2.jpg\" alt=\"Herrera le respondi\u00f3 las criticas del defensa albo - Foto: Claudio C\u00e1ceres\" width=\"1100\" height=\"700\" srcset=\"http:\/\/www.rincondelbulla.cl\/portal\/wp-content\/uploads\/2014\/11\/johnny_herrera2.jpg 1100w, http:\/\/www.rincondelbulla.cl\/portal\/wp-content\/uploads\/2014\/11\/johnny_herrera2-300x191.jpg 300w, http:\/\/www.rincondelbulla.cl\/portal\/wp-content\/uploads\/2014\/11\/johnny_herrera2-768x489.jpg 768w, http:\/\/www.rincondelbulla.cl\/portal\/wp-content\/uploads\/2014\/11\/johnny_herrera2-696x443.jpg 696w, http:\/\/www.rincondelbulla.cl\/portal\/wp-content\/uploads\/2014\/11\/johnny_herrera2-1068x680.jpg 1068w, http:\/\/www.rincondelbulla.cl\/portal\/wp-content\/uploads\/2014\/11\/johnny_herrera2-660x420.jpg 660w\" sizes=\"auto, (max-width: 1100px) 100vw, 1100px\" \/><\/a><figcaption id=\"caption-attachment-6021\" class=\"wp-caption-text\">Despu\u00e9s del receso, salvo Herrera, la U se vio muy mal &#8211; Foto: Claudio C\u00e1ceres<\/figcaption><\/figure>\n<p><strong>Los recesos han sido un tema en el equipo de Lasarte, despu\u00e9s de cada fecha fifa a la \u201cGloriosa\u201d le ha costado en demas\u00eda retomar el nivel, y este \u00faltimo no fue distinto, el equipo apenas empat\u00f3 con barnechea y ahora comparte la punta con los \u201cIncoloros\u201d.<\/strong><!--more--><\/p>\n<p>El \u201cRom\u00e1ntico Viajero\u201d se vio sin el ritmo que lo caracteriza, barnechea le cerr\u00f3 los caminos y lo pillo muy mal parado de contragolpe, as\u00ed las cosas el partido se pudo haber perdido si no es por un muy atento Jhonny herrera y la impericia de los delanteros rivales. Aqu\u00ed la Marca Personal que hizo el Rinc\u00f3n del Bulla:<\/p>\n<p><strong>25.-Johnny Herrera: El portero pasa por un gran momento, y gan\u00f3 casi todos los mano a mano del encuentro. Nota 6.5<\/strong><\/p>\n<p><strong>14.- Paulo Magalhaes:<\/strong> Se le vio err\u00e1tico con la pelota en los pies, lento en el retroceso, el peor partidos en la vuelta a la titularidad de Chileno-Brazuca. Nota 4.0<\/p>\n<p><strong>2.- Benjamin Vidal:<\/strong> Con la solidez que se le caracteriza, pero a rato sobrepasado por las desinteligencias y falta de comunicaci\u00f3n con sus compa\u00f1eros en la zaga, salvo varias pelotas de gol. Nota 5.5<\/p>\n<p><strong>3.-Cristian Su\u00e1rez:<\/strong> Bien en la altura, s\u00f3lido por abajo, pero se complic\u00f3 varias veces en velocidad y jugadas r\u00e1pidas. Nota: 5.0<\/p>\n<p><strong>13.- Jose Rojas:<\/strong> Corrio, metio, se desdobl\u00f3 por la banda, termin\u00f3 acalambrado, corri\u00f3 mucho tras el bal\u00f3n, lo que es un mal indicio. Nota: 5.0<\/p>\n<p><strong>24.-Guzm\u00e1n Pereira:<\/strong>\u00a0No tuvo el despliegue f\u00edsico de otros encuentros, se le noto los duelos jugados por su selecci\u00f3n. Nota 4.5<\/p>\n<p><strong>4.-Mathias Corujo:<\/strong>\u00a0Al igual que Pereira se le vi\u00f3 con menos fondo fisico que en otros partidos, Nota 4.5<\/p>\n<p><strong>22.- Gustavo Lorenzetti:<\/strong>\u00a0Le cost\u00f3 mucho agarrar la manija del mediocampo azul, el duende desapareci\u00f3 a largos ratos del encuentro. Nota 4.0<\/p>\n<p><strong>7.-C\u00e9sar Cort\u00e9s:<\/strong>\u00a0Pese a que quizo imponer en velocidad, muy blando y erratico al momento de tener el bal\u00f3n en los pies. Nota 4.0<\/p>\n<p><strong>19.-Gustavo Canales:<\/strong>\u00a0Es otro jugador al de inicio de torneo, ya no gravita ni se engancha en el juego azul. Nota 3.5<\/p>\n<p><strong>8.-Patricio Rubio:<\/strong>\u00a0Corri\u00f3, se cambi\u00f3 de banda, bajo a recuperar balones, pero no tuvo muchas ocasiones. Meti\u00f3 el gol en una confusa jugada. Nota 4.5<\/p>\n<p><strong>SUSTITUCIONES<\/strong><\/p>\n<p><strong>21.-Gonzalo Espinoza (58&#8217;por Pereira):<\/strong> Reapareci\u00f3 el volante, pero le quedo muy grande el mediocampo dejando un pasadizo a los volantes de Barnechea. Bien con el pase en diagonal. Nota 4.5<\/p>\n<p><strong>18.-Juan Ignacio Duma (63&#8217;por Cort\u00e9s):<\/strong> Le puso velocidad al ataque, provoc\u00f3 un par de faltas de los rivales y muy mal al momento de centrar el bal\u00f3n. Nota 4.0<\/p>\n<p><strong>10.- Ram\u00f3n Fern\u00e1ndez (67&#8217;por Corujo): <\/strong>Uno espera que un diez le de la pausa que le falta al equipo y que gravite, en el caso de Ram\u00f3n hace rato que no pasa. Nota 4.0<\/p>\n","protected":false},"excerpt":{"rendered":"<p>Los recesos han sido un tema en el equipo de Lasarte, despu\u00e9s de cada fecha fifa a la \u201cGloriosa\u201d le ha costado en demas\u00eda retomar el nivel, y este \u00faltimo no fue distinto, el equipo apenas empat\u00f3 con barnechea y ahora comparte la punta con los \u201cIncoloros\u201d.<\/p>\n","protected":false},"author":21381,"featured_media":6021,"comment_status":"closed","ping_status":"open","sticky":false,"template":"","format":"standard","meta":{"footnotes":""},"categories":[18],"tags":[454,232,43],"class_list":{"0":"post-6217","1":"post","2":"type-post","3":"status-publish","4":"format-standard","5":"has-post-thumbnail","7":"category-actualidad","8":"tag-actualidad","9":"tag-apertura-2014-2015","10":"tag-marca-personal"},"_links":{"self":[{"href":"http:\/\/www.rincondelbulla.cl\/portal\/wp-json\/wp\/v2\/posts\/6217","targetHints":{"allow":["GET"]}}],"collection":[{"href":"http:\/\/www.rincondelbulla.cl\/portal\/wp-json\/wp\/v2\/posts"}],"about":[{"href":"http:\/\/www.rincondelbulla.cl\/portal\/wp-json\/wp\/v2\/types\/post"}],"author":[{"embeddable":true,"href":"http:\/\/www.rincondelbulla.cl\/portal\/wp-json\/wp\/v2\/users\/21381"}],"replies":[{"embeddable":true,"href":"http:\/\/www.rincondelbulla.cl\/portal\/wp-json\/wp\/v2\/comments?post=6217"}],"version-history":[{"count":4,"href":"http:\/\/www.rincondelbulla.cl\/portal\/wp-json\/wp\/v2\/posts\/6217\/revisions"}],"predecessor-version":[{"id":6230,"href":"http:\/\/www.rincondelbulla.cl\/portal\/wp-json\/wp\/v2\/posts\/6217\/revisions\/6230"}],"wp:featuredmedia":[{"embeddable":true,"href":"http:\/\/www.rincondelbulla.cl\/portal\/wp-json\/wp\/v2\/media\/6021"}],"wp:attachment":[{"href":"http:\/\/www.rincondelbulla.cl\/portal\/wp-json\/wp\/v2\/media?parent=6217"}],"wp:term":[{"taxonomy":"category","embeddable":true,"href":"http:\/\/www.rincondelbulla.cl\/portal\/wp-json\/wp\/v2\/categories?post=6217"},{"taxonomy":"post_tag","embeddable":true,"href":"http:\/\/www.rincondelbulla.cl\/portal\/wp-json\/wp\/v2\/tags?post=6217"}],"curies":[{"name":"wp","href":"https:\/\/api.w.org\/{rel}","templated":true}]}}