{"id":6231,"date":"2014-11-24T16:48:45","date_gmt":"2014-11-24T16:48:45","guid":{"rendered":"http:\/\/www.rincondelbulla.cl\/portal\/?p=6231"},"modified":"2014-11-24T17:03:38","modified_gmt":"2014-11-24T17:03:38","slug":"corujo-mantiene-la-fe-en-obtener-el-titulo","status":"publish","type":"post","link":"http:\/\/www.rincondelbulla.cl\/portal\/2014\/11\/24\/corujo-mantiene-la-fe-en-obtener-el-titulo\/","title":{"rendered":"Corujo mantiene la fe en obtener el t\u00edtulo"},"content":{"rendered":"<figure id=\"attachment_6235\" aria-describedby=\"caption-attachment-6235\" style=\"width: 1100px\" class=\"wp-caption alignnone\"><a href=\"http:\/\/www.rincondelbulla.cl\/portal\/wp-content\/uploads\/2014\/11\/mathias_corujo3.jpg\"><img loading=\"lazy\" decoding=\"async\" class=\"wp-image-6235 size-full\" src=\"http:\/\/www.rincondelbulla.cl\/portal\/wp-content\/uploads\/2014\/11\/mathias_corujo3.jpg\" alt=\"\" width=\"1100\" height=\"700\" srcset=\"http:\/\/www.rincondelbulla.cl\/portal\/wp-content\/uploads\/2014\/11\/mathias_corujo3.jpg 1100w, http:\/\/www.rincondelbulla.cl\/portal\/wp-content\/uploads\/2014\/11\/mathias_corujo3-300x191.jpg 300w, http:\/\/www.rincondelbulla.cl\/portal\/wp-content\/uploads\/2014\/11\/mathias_corujo3-768x489.jpg 768w, http:\/\/www.rincondelbulla.cl\/portal\/wp-content\/uploads\/2014\/11\/mathias_corujo3-696x443.jpg 696w, http:\/\/www.rincondelbulla.cl\/portal\/wp-content\/uploads\/2014\/11\/mathias_corujo3-1068x680.jpg 1068w, http:\/\/www.rincondelbulla.cl\/portal\/wp-content\/uploads\/2014\/11\/mathias_corujo3-660x420.jpg 660w\" sizes=\"auto, (max-width: 1100px) 100vw, 1100px\" \/><\/a><figcaption id=\"caption-attachment-6235\" class=\"wp-caption-text\">El volante charr\u00faa fue autocritico tras su actuaci\u00f3n del s\u00e1bado &#8211; Foto: Patricio Gonz\u00e1lez<\/figcaption><\/figure>\n<p><strong><span class=\"s1\">Tras el empate con Barnechea el \u00e1nimo en los azules no fue el mejor, sin embargo en el elenco azul la fe sigue intacta y aseguran que pelear\u00e1n hasta el final por alcanzar el campeonato.<\/span><\/strong><\/p>\n<p class=\"p1\"><!--more--><\/p>\n<p class=\"p1\"><span class=\"s1\">Math\u00edas Corujo habl\u00f3 con los medios de prensa en el CDA y fue bien autocr\u00e1tico en relaci\u00f3n a lo vivido el reciente s\u00e1bado ante Barnechea y al\u00a0empate que provoc\u00f3 que Universidad de Chile perdiera la exclusividad en el liderato del torneo.<\/span><\/p>\n<p class=\"p1\"><span class=\"s1\">En relaci\u00f3n a lo ocurrido el s\u00e1bado, Coruj\u00f3 coment\u00f3, <strong>\u00abno los subestimamos. Pas\u00f3 que no nos sentimos c\u00f3modos en ning\u00fan momento del partido, ni cuando ibamos en ventaja. Vamos a trabajar en la semana para que no pase de nuevo. No jugamos bien y no fue nuestro d\u00eda. El rival jug\u00f3 mejor, lo reconocemos, pero rescatamos lo positivo\u201d<\/strong>.<\/span><\/p>\n<p class=\"p1\"><span class=\"s1\">El \u201cChiche\u201d se refiri\u00f3 al actual momento del torneo y c\u00f3mo enfrentar\u00e1n estas \u00faltimas dos fechas <strong>\u00abEs un desaf\u00edo m\u00e1s para este grupo. Lo ven\u00edamos haciendo de buena manera y ahora, sobre el final, no va a ser la excepci\u00f3n\u201d<\/strong>, se\u00f1al\u00f3 el charr\u00faa.<\/span><\/p>\n<p class=\"p1\"><span class=\"s1\"><strong>\u00abTenemos que ganar nuestros dos partidos y esperar. El equipo sigue arriba y seguimos dependiendo de nosotros. Si recuperamos el nivel futbol\u00edstico que a lo largo del campeonato tuvimos, vamos a poder asegurar los puntos\u201d<\/strong>, a\u00f1adi\u00f3 el volante.<\/span><\/p>\n<p class=\"p1\"><span class=\"s1\">Al ser consultado por los otros candidatos al t\u00edtulo el charr\u00faa respondi\u00f3 que , <strong>\u00abambos rivales ( Colo colo, Wanderers ) est\u00e1n haciendo un campeonato espectacular, pero estamos confiados que podemos sacar los seis puntos que restan. Estamos muy motivados\u201d<\/strong>.<\/span><\/p>\n<p class=\"p1\"><span class=\"s1\">Siguiendo en este tema, Corujo no piensa a\u00fan en una hipot\u00e9tica definici\u00f3n con los de Macul, <strong>\u00abSi tiene que haber un partido definitorio lo vamos a jugar con todas las expectativas y esperanzas. No pensamos en Colo Colo. Ya jugamos con ellos, y ahora estamos enfocados en \u00d1ublense y Calera en la \u00faltima fecha\u201d<\/strong>, agreg\u00f3.<\/span><\/p>\n<p class=\"p1\"><span class=\"s1\">En relaci\u00f3n a la simultaneidad en que se jugar\u00e1n las \u00faltima dos fechas de los equipos que pelean por el titulo, Corujo fue claro en se\u00f1alar que s\u00f3lo pensar\u00e1n en ellos y el partido ante \u00d1ublense, <strong>\u00abNosotros s\u00f3lo vamos a estar pendientes de lo que pase con \u00d1ublense. No hay que poner o\u00eddo al otro partido para no desconcentrarnos y estar muy enfocados en lo que pase en Chill\u00e1n\u201d<\/strong>, concluy\u00f3.<\/span><\/p>\n","protected":false},"excerpt":{"rendered":"<p>Tras el empate con Barnechea el \u00e1nimo en los azules no fue el mejor, sin embargo en el elenco azul la fe sigue intacta y aseguran que pelear\u00e1n hasta el final por alcanzar el campeonato.<\/p>\n","protected":false},"author":56,"featured_media":6235,"comment_status":"closed","ping_status":"open","sticky":false,"template":"","format":"standard","meta":{"footnotes":""},"categories":[18],"tags":[454,232,290,157,156],"class_list":{"0":"post-6231","1":"post","2":"type-post","3":"status-publish","4":"format-standard","5":"has-post-thumbnail","7":"category-actualidad","8":"tag-actualidad","9":"tag-apertura-2014-2015","10":"tag-matias-corujo","11":"tag-portada","12":"tag-universidad-de-chile"},"_links":{"self":[{"href":"http:\/\/www.rincondelbulla.cl\/portal\/wp-json\/wp\/v2\/posts\/6231","targetHints":{"allow":["GET"]}}],"collection":[{"href":"http:\/\/www.rincondelbulla.cl\/portal\/wp-json\/wp\/v2\/posts"}],"about":[{"href":"http:\/\/www.rincondelbulla.cl\/portal\/wp-json\/wp\/v2\/types\/post"}],"author":[{"embeddable":true,"href":"http:\/\/www.rincondelbulla.cl\/portal\/wp-json\/wp\/v2\/users\/56"}],"replies":[{"embeddable":true,"href":"http:\/\/www.rincondelbulla.cl\/portal\/wp-json\/wp\/v2\/comments?post=6231"}],"version-history":[{"count":3,"href":"http:\/\/www.rincondelbulla.cl\/portal\/wp-json\/wp\/v2\/posts\/6231\/revisions"}],"predecessor-version":[{"id":6237,"href":"http:\/\/www.rincondelbulla.cl\/portal\/wp-json\/wp\/v2\/posts\/6231\/revisions\/6237"}],"wp:featuredmedia":[{"embeddable":true,"href":"http:\/\/www.rincondelbulla.cl\/portal\/wp-json\/wp\/v2\/media\/6235"}],"wp:attachment":[{"href":"http:\/\/www.rincondelbulla.cl\/portal\/wp-json\/wp\/v2\/media?parent=6231"}],"wp:term":[{"taxonomy":"category","embeddable":true,"href":"http:\/\/www.rincondelbulla.cl\/portal\/wp-json\/wp\/v2\/categories?post=6231"},{"taxonomy":"post_tag","embeddable":true,"href":"http:\/\/www.rincondelbulla.cl\/portal\/wp-json\/wp\/v2\/tags?post=6231"}],"curies":[{"name":"wp","href":"https:\/\/api.w.org\/{rel}","templated":true}]}}