{"id":6284,"date":"2014-12-01T02:00:20","date_gmt":"2014-12-01T02:00:20","guid":{"rendered":"http:\/\/www.rincondelbulla.cl\/portal\/?p=6284"},"modified":"2014-12-01T14:45:05","modified_gmt":"2014-12-01T14:45:05","slug":"lasarte-vamos-a-pelear-hasta-el-final-despues-veremos-que-ocurre","status":"publish","type":"post","link":"http:\/\/www.rincondelbulla.cl\/portal\/2014\/12\/01\/lasarte-vamos-a-pelear-hasta-el-final-despues-veremos-que-ocurre\/","title":{"rendered":"Lasarte : \u00abVamos a pelear hasta el final, despu\u00e9s veremos que ocurre\u00bb"},"content":{"rendered":"<figure id=\"attachment_5506\" aria-describedby=\"caption-attachment-5506\" style=\"width: 1100px\" class=\"wp-caption alignnone\"><a href=\"http:\/\/www.rincondelbulla.cl\/portal\/wp-content\/uploads\/2014\/08\/martin3.jpg\"><img loading=\"lazy\" decoding=\"async\" class=\"wp-image-5506 size-full\" src=\"http:\/\/www.rincondelbulla.cl\/portal\/wp-content\/uploads\/2014\/08\/martin3.jpg\" alt=\"\" width=\"1100\" height=\"700\" srcset=\"http:\/\/www.rincondelbulla.cl\/portal\/wp-content\/uploads\/2014\/08\/martin3.jpg 1100w, http:\/\/www.rincondelbulla.cl\/portal\/wp-content\/uploads\/2014\/08\/martin3-300x191.jpg 300w, http:\/\/www.rincondelbulla.cl\/portal\/wp-content\/uploads\/2014\/08\/martin3-768x489.jpg 768w, http:\/\/www.rincondelbulla.cl\/portal\/wp-content\/uploads\/2014\/08\/martin3-696x443.jpg 696w, http:\/\/www.rincondelbulla.cl\/portal\/wp-content\/uploads\/2014\/08\/martin3-1068x680.jpg 1068w, http:\/\/www.rincondelbulla.cl\/portal\/wp-content\/uploads\/2014\/08\/martin3-660x420.jpg 660w\" sizes=\"auto, (max-width: 1100px) 100vw, 1100px\" \/><\/a><figcaption id=\"caption-attachment-5506\" class=\"wp-caption-text\">Los Azules Mantienen la fe intacta &#8211; Foto: Claudio C\u00e1ceres<\/figcaption><\/figure>\n<p><strong>Las sonrisas volvieron al camar\u00edn azul, luego del peque\u00f1o traspi\u00e9 de la semana pasada, la u le gan\u00f3 bien a \u00d1ublense y todo se define en la \u00faltima fecha.<\/strong><!--more--><\/p>\n<p>Mart\u00edn Lasarte valoro el regreso de los azules a la senda del triunfo \u00abfue un partido complicado por el traspi\u00e9 del otro d\u00eda (ante Barnechea). Se generan sensaciones de dudas, pero ven\u00edamos con mucho optimismo y eso se reflej\u00f3 hoy. En l\u00edneas generales, logramos superar a un rival complicado que se hace fuerte en casa\u00bb analizando de esta manera el partido de hoy, \u00abVamos a pelear hasta el final, despu\u00e9s veremos que ocurre, pero el grupo merec\u00eda dar vuelta la p\u00e1gina del partido con Barnechea\u00bb, a\u00f1adi\u00f3, y para cerrar sobre el encuentro en chillan concluyo diciendo que <strong>\u201cEn l\u00edneas generales fue el leitmotive de siempre, un equipo que presiona desde el inicio y busca el arco rival durante todo el partido\u00bb<\/strong>.<\/p>\n<p>Sobre lo que se viene fue claro en decir que \u00abAlgo va a pasar, es una realidad. Si conseguimos ganar, seres campeones o iremos a una final. Nosotros s\u00f3lo tenemos que ganar nuestro partido. Nos beneficia el calendario porque nos toc\u00f3 jugar con los dos equipos. Luego, lo que tenga que pasar, pasar\u00e1\u00bb<\/p>\n<p>Sebast\u00edan Martinez reflej\u00f3 el sentimiento del plantel afirmando que <strong>\u201cPensamos en la fecha que viene y en ser campeones, no nos preocupamos de lo que pasa en otros estadios\u201d .<\/strong><\/p>\n<p>Ramon Fern\u00e1ndez en tanto afirmo que \u201cDebemos esperar el partido con Calera, un rival complicado, y si en el otro partido no se sacan ventajas, seremos campeones. Nos queda otra final\u201d analizando el final del torneo, y demostrando que los azules est\u00e1n con la fe intacta.<\/p>\n","protected":false},"excerpt":{"rendered":"<p>Las sonrisas volvieron al camar\u00edn azul, luego del peque\u00f1o traspi\u00e9 de la semana pasada, la u le gan\u00f3 bien a \u00d1ublense y todo se define en la \u00faltima fecha.<\/p>\n","protected":false},"author":21381,"featured_media":5506,"comment_status":"closed","ping_status":"open","sticky":false,"template":"","format":"standard","meta":{"footnotes":""},"categories":[18],"tags":[454,232,224,157],"class_list":{"0":"post-6284","1":"post","2":"type-post","3":"status-publish","4":"format-standard","5":"has-post-thumbnail","7":"category-actualidad","8":"tag-actualidad","9":"tag-apertura-2014-2015","10":"tag-martin-lasarte","11":"tag-portada"},"_links":{"self":[{"href":"http:\/\/www.rincondelbulla.cl\/portal\/wp-json\/wp\/v2\/posts\/6284","targetHints":{"allow":["GET"]}}],"collection":[{"href":"http:\/\/www.rincondelbulla.cl\/portal\/wp-json\/wp\/v2\/posts"}],"about":[{"href":"http:\/\/www.rincondelbulla.cl\/portal\/wp-json\/wp\/v2\/types\/post"}],"author":[{"embeddable":true,"href":"http:\/\/www.rincondelbulla.cl\/portal\/wp-json\/wp\/v2\/users\/21381"}],"replies":[{"embeddable":true,"href":"http:\/\/www.rincondelbulla.cl\/portal\/wp-json\/wp\/v2\/comments?post=6284"}],"version-history":[{"count":3,"href":"http:\/\/www.rincondelbulla.cl\/portal\/wp-json\/wp\/v2\/posts\/6284\/revisions"}],"predecessor-version":[{"id":6294,"href":"http:\/\/www.rincondelbulla.cl\/portal\/wp-json\/wp\/v2\/posts\/6284\/revisions\/6294"}],"wp:featuredmedia":[{"embeddable":true,"href":"http:\/\/www.rincondelbulla.cl\/portal\/wp-json\/wp\/v2\/media\/5506"}],"wp:attachment":[{"href":"http:\/\/www.rincondelbulla.cl\/portal\/wp-json\/wp\/v2\/media?parent=6284"}],"wp:term":[{"taxonomy":"category","embeddable":true,"href":"http:\/\/www.rincondelbulla.cl\/portal\/wp-json\/wp\/v2\/categories?post=6284"},{"taxonomy":"post_tag","embeddable":true,"href":"http:\/\/www.rincondelbulla.cl\/portal\/wp-json\/wp\/v2\/tags?post=6284"}],"curies":[{"name":"wp","href":"https:\/\/api.w.org\/{rel}","templated":true}]}}