{"id":6287,"date":"2014-12-01T10:50:11","date_gmt":"2014-12-01T10:50:11","guid":{"rendered":"http:\/\/www.rincondelbulla.cl\/portal\/?p=6287"},"modified":"2014-12-01T15:07:02","modified_gmt":"2014-12-01T15:07:02","slug":"programacion-universidad-de-chile-vs-union-la-calera-el-partido-final","status":"publish","type":"post","link":"http:\/\/www.rincondelbulla.cl\/portal\/2014\/12\/01\/programacion-universidad-de-chile-vs-union-la-calera-el-partido-final\/","title":{"rendered":"[Programaci\u00f3n] Universidad de Chile vs. Uni\u00f3n La Calera \u00bfEl partido final?"},"content":{"rendered":"<figure id=\"attachment_5442\" aria-describedby=\"caption-attachment-5442\" style=\"width: 1100px\" class=\"wp-caption alignnone\"><a href=\"http:\/\/www.rincondelbulla.cl\/portal\/wp-content\/uploads\/2014\/08\/celebracion21.jpg\"><img loading=\"lazy\" decoding=\"async\" class=\"wp-image-5442 size-full\" src=\"http:\/\/www.rincondelbulla.cl\/portal\/wp-content\/uploads\/2014\/08\/celebracion21.jpg\" alt=\"\" width=\"1100\" height=\"700\" srcset=\"http:\/\/www.rincondelbulla.cl\/portal\/wp-content\/uploads\/2014\/08\/celebracion21.jpg 1100w, http:\/\/www.rincondelbulla.cl\/portal\/wp-content\/uploads\/2014\/08\/celebracion21-300x191.jpg 300w, http:\/\/www.rincondelbulla.cl\/portal\/wp-content\/uploads\/2014\/08\/celebracion21-768x489.jpg 768w, http:\/\/www.rincondelbulla.cl\/portal\/wp-content\/uploads\/2014\/08\/celebracion21-696x443.jpg 696w, http:\/\/www.rincondelbulla.cl\/portal\/wp-content\/uploads\/2014\/08\/celebracion21-1068x680.jpg 1068w, http:\/\/www.rincondelbulla.cl\/portal\/wp-content\/uploads\/2014\/08\/celebracion21-660x420.jpg 660w\" sizes=\"auto, (max-width: 1100px) 100vw, 1100px\" \/><\/a><figcaption id=\"caption-attachment-5442\" class=\"wp-caption-text\">Universidad de Chile enfrentar\u00e1 como local al cuadro de Uni\u00f3n La Calera &#8211; Foto: Patricio Gonz\u00e1lez<\/figcaption><\/figure>\n<p><strong>El pr\u00f3ximo s\u00e1bado 6 de diciembre, Universidad de Chile enfrentar\u00e1 como local al cuadro de Uni\u00f3n La Calera. Los dirig\u00eddos por Mart\u00edn Lasarte saben que ganando es la \u00fanica forma de salir campeones, por lo que buscar\u00e1n una victoria a como de lugar.<\/strong><!--more--><\/p>\n<p>Luego de la abultada victoria como visitante de la \u00abU\u00bb que venci\u00f3 por 3-0 a \u00d1ublense, el buen \u00e1nimo y la confianza parecieron retornar al plantel azul. Y es que claro, tras el \u00faltimo empate ante Barnechea las aspiraciones por la obtenci\u00f3n del t\u00edtulo parec\u00edan alejarse en cierto punto. Pero no, el le\u00f3n volvi\u00f3 a la victoria, demostrando nivel, y reanimando las esperanzas por salir campe\u00f3n.<\/p>\n<p>Actualmente Universidad de Chile sigue en la punta con 41 puntos, por lo que tan solo con una victoria podr\u00edan coronarse campeones, esto claro, dependiendo del resultado que deje el encuentro entre <strong>Santiago Wanderers<\/strong> y<strong> Colo-Colo<\/strong>. Por ende, la obtenci\u00f3n de los tres puntos y mantenerse en el liderato ser\u00e1 fundamental.<\/p>\n<p>El margen de error es cada vez menor, y en la tienda azul lo saben, por lo que ser\u00e1 crucial preparar al equipo para que salga con todas sus armas en la pr\u00f3xima fecha. En el partido de ayer se pudo observar el regreso de dos hombres importantes, que claramente aportaron al regreso de la victoria. Se trata de <strong>Gonzalo Espinoza<\/strong> y <strong>Sebasti\u00e1n Mart\u00ednez<\/strong>, ambos volantes de corte del cuadro azul. El d\u00fao hab\u00eda sido titular indiscutido en las nueve primeras fechas, en las cuales la \u00abU\u00bb arras\u00f3 con sus rivales. Sin embargo, por lesiones que afectaron a ambos jugadores, el mediocampo se disolvi\u00f3 y Lasarte comenz\u00f3 a experimentar con otras duplas, que en parte tambi\u00e9n dieron resultado. No obstante, el regreso tras superar sus lesiones el regreso fue triunfal,\u00a0 y el rom\u00e1ntico viajero recuperar\u00f3 esa seguridad que necesitaba.<\/p>\n<p>Otra que volvi\u00f3 en gloria y majestad, fue <strong>Ram\u00f3n Fern\u00e1ndez<\/strong>. El oriundo de Formosa, ven\u00eda jugando de manera intermitente, hasta que su paup\u00e9rrimo desempe\u00f1o contra Colo-Colo termin\u00f3 por catapultar su salida del equipo titular. Sin embargo, la vida da revanchas, y hoy Fern\u00e1ndez tuvo una de ellas, luego de retornar a la titularidad y anotando un golazo en los 84&#8242; que sellar\u00eda la goleada de la \u00abU\u00bb.<\/p>\n<p>As\u00ed luce el presente de Universidad de Chile, que tendr\u00e1 que considerar todos estos factores de cara a su \u00faltima final.<\/p>\n<p>Nada escrito a\u00fan y lo que pueda pasar en el <strong>Estadio Nacional<\/strong>, el pr\u00f3ximo<strong> s\u00e1bado 6 a las 17:00 horas<\/strong>, llena de ansiedad a todo el hincha azul<strong>.<\/strong> Cabe destacar que las entradas para el cotejo ya se encuentran disponibles en <a title=\"Entradas U. de Chile vs. U. Calera\" href=\"http:\/\/www.puntoticket.com\/Evento.aspx?EventoID=UCH042\">Punto Ticket.<\/a><\/p>\n<p>A continuaci\u00f3n, te dejamos los otros encuentros de la \u00faltima fecha del torneo nacional:<\/p>\n<p><strong>Viernes 5 de diciembre<\/strong><\/p>\n<ul>\n<li>Cobreloa &#8211; \u00d1ublense. 17:00 hrs. La Madriguera.<\/li>\n<li>U. Cat\u00f3lica &#8211; U. Concepci\u00f3n. 21:00 hrs. San Carlos.<\/li>\n<\/ul>\n<p><strong>S\u00e1bado 6 de diciembre<\/strong><\/p>\n<ul>\n<li>S. Wanderers &#8211; Colo Colo. 17:00 horas. Estadio El\u00edas Figueroa.<\/li>\n<li>Huachipato &#8211; Deportes Iquique. 21:00 horas. CAP.<\/li>\n<\/ul>\n<p><strong>Domingo 7 de diciembre<\/strong><\/p>\n<ul>\n<li>Cobresal &#8211; Uni\u00f3n Espa\u00f1ola. 16:00 horas. El Cobre.<\/li>\n<li>Palestino &#8211; Barnechea. 16:00 horas. La Cisterna.<\/li>\n<li>Antofagasta &#8211; O&#8217;Higgins. 16:00 horas. Calvo y Bascu\u00f1\u00e1n.<\/li>\n<li>Audax Italiano &#8211; SM Arica. 17:00 horas. Bicentenario La Florida.<\/li>\n<\/ul>\n","protected":false},"excerpt":{"rendered":"<p>El pr\u00f3ximo s\u00e1bado 6 de diciembre, Universidad de Chile enfrentar\u00e1 como local al cuadro de Uni\u00f3n La Calera. Los dirig\u00eddos por Mart\u00edn Lasarte saben que ganando es la \u00fanica forma de salir campeones, por lo que buscar\u00e1n una victoria a como de lugar.<\/p>\n","protected":false},"author":21383,"featured_media":5489,"comment_status":"closed","ping_status":"open","sticky":false,"template":"","format":"standard","meta":{"footnotes":""},"categories":[18],"tags":[454,232,59],"class_list":{"0":"post-6287","1":"post","2":"type-post","3":"status-publish","4":"format-standard","5":"has-post-thumbnail","7":"category-actualidad","8":"tag-actualidad","9":"tag-apertura-2014-2015","10":"tag-programacion"},"_links":{"self":[{"href":"http:\/\/www.rincondelbulla.cl\/portal\/wp-json\/wp\/v2\/posts\/6287","targetHints":{"allow":["GET"]}}],"collection":[{"href":"http:\/\/www.rincondelbulla.cl\/portal\/wp-json\/wp\/v2\/posts"}],"about":[{"href":"http:\/\/www.rincondelbulla.cl\/portal\/wp-json\/wp\/v2\/types\/post"}],"author":[{"embeddable":true,"href":"http:\/\/www.rincondelbulla.cl\/portal\/wp-json\/wp\/v2\/users\/21383"}],"replies":[{"embeddable":true,"href":"http:\/\/www.rincondelbulla.cl\/portal\/wp-json\/wp\/v2\/comments?post=6287"}],"version-history":[{"count":7,"href":"http:\/\/www.rincondelbulla.cl\/portal\/wp-json\/wp\/v2\/posts\/6287\/revisions"}],"predecessor-version":[{"id":6296,"href":"http:\/\/www.rincondelbulla.cl\/portal\/wp-json\/wp\/v2\/posts\/6287\/revisions\/6296"}],"wp:featuredmedia":[{"embeddable":true,"href":"http:\/\/www.rincondelbulla.cl\/portal\/wp-json\/wp\/v2\/media\/5489"}],"wp:attachment":[{"href":"http:\/\/www.rincondelbulla.cl\/portal\/wp-json\/wp\/v2\/media?parent=6287"}],"wp:term":[{"taxonomy":"category","embeddable":true,"href":"http:\/\/www.rincondelbulla.cl\/portal\/wp-json\/wp\/v2\/categories?post=6287"},{"taxonomy":"post_tag","embeddable":true,"href":"http:\/\/www.rincondelbulla.cl\/portal\/wp-json\/wp\/v2\/tags?post=6287"}],"curies":[{"name":"wp","href":"https:\/\/api.w.org\/{rel}","templated":true}]}}