{"id":6308,"date":"2014-12-01T21:46:42","date_gmt":"2014-12-01T21:46:42","guid":{"rendered":"http:\/\/www.rincondelbulla.cl\/portal\/?p=6308"},"modified":"2014-12-01T22:50:11","modified_gmt":"2014-12-01T22:50:11","slug":"marca-personal-los-cambios-hicieron-que-la-gloriosa-encontrara-su-mejor-juego","status":"publish","type":"post","link":"http:\/\/www.rincondelbulla.cl\/portal\/2014\/12\/01\/marca-personal-los-cambios-hicieron-que-la-gloriosa-encontrara-su-mejor-juego\/","title":{"rendered":"Marca Personal: Los Cambios hicieron que la gloriosa encontrara su mejor juego"},"content":{"rendered":"<figure id=\"attachment_6306\" aria-describedby=\"caption-attachment-6306\" style=\"width: 1100px\" class=\"wp-caption alignnone\"><a href=\"http:\/\/www.rincondelbulla.cl\/portal\/wp-content\/uploads\/2014\/12\/patricio_rubio3.jpg\"><img loading=\"lazy\" decoding=\"async\" class=\"wp-image-6306 size-full\" src=\"http:\/\/www.rincondelbulla.cl\/portal\/wp-content\/uploads\/2014\/12\/patricio_rubio3.jpg\" alt=\"patricio_rubio3\" width=\"1100\" height=\"700\" srcset=\"http:\/\/www.rincondelbulla.cl\/portal\/wp-content\/uploads\/2014\/12\/patricio_rubio3.jpg 1100w, http:\/\/www.rincondelbulla.cl\/portal\/wp-content\/uploads\/2014\/12\/patricio_rubio3-300x191.jpg 300w, http:\/\/www.rincondelbulla.cl\/portal\/wp-content\/uploads\/2014\/12\/patricio_rubio3-768x489.jpg 768w, http:\/\/www.rincondelbulla.cl\/portal\/wp-content\/uploads\/2014\/12\/patricio_rubio3-696x443.jpg 696w, http:\/\/www.rincondelbulla.cl\/portal\/wp-content\/uploads\/2014\/12\/patricio_rubio3-1068x680.jpg 1068w, http:\/\/www.rincondelbulla.cl\/portal\/wp-content\/uploads\/2014\/12\/patricio_rubio3-660x420.jpg 660w\" sizes=\"auto, (max-width: 1100px) 100vw, 1100px\" \/><\/a><figcaption id=\"caption-attachment-6306\" class=\"wp-caption-text\">El an\u00e1lisis uno x uno ante \u00d1ublense &#8211; Foto: Claudio C\u00e1ceres<\/figcaption><\/figure>\n<p><strong>Machete reorden\u00f3 el equipo nuevamente, aline\u00f3 una formaci\u00f3n m\u00e1s parecida al comienzo de torneo, y le dio resultado, los azules pr\u00e1cticamente no tuvieron puntos bajos y fueron los due\u00f1os del bal\u00f3n desde el minuto 0.<\/strong><!--more--><\/p>\n<p>El regreso de Sebast\u00edan Martinez, de Gonzalo Espinoza y Ram\u00f3n Fern\u00e1ndez a la titularidad fueron las novedades en la gloriosa para enfrentar a \u00d1ublense en Chillan, el resultado fue una mayor recuperaci\u00f3n del bal\u00f3n y una mejor posesi\u00f3n del mismo, aqu\u00ed les dejamos el Marca Personal que hizo el Rinc\u00f3n del Bulla:<\/p>\n<p><strong>25 Johnny Herrera<\/strong>: Lo venimos diciendo hace varias semanas, Herrera esta pasando por un gran momento y lo ratific\u00f3 ayer. Nota 6.5<\/p>\n<p><strong>5.-Mathias Corujo<\/strong>: El \u201cCharrua\u201d volvi\u00f3 a la posici\u00f3n que ocup\u00f3 en gran parte del torneo, y fue el due\u00f1o de la banda derecha, tanto para descolgarse o para defender. Nota 6.0<\/p>\n<p><strong>4.-Osvaldo Gonzalez<\/strong>: Volvi\u00f3 luego de su lesi\u00f3n y fue el patr\u00f3n de la defensa. Bien por Rocky. Nota 6.5<\/p>\n<p><strong>23.- Crist\u00edan Su\u00e1rez<\/strong>: Fue quiz\u00e1s el m\u00e1s bajo de la defensa del romantico viajero, pese a eso no cometi\u00f3 errores claves. Nota 5.0<\/p>\n<p><strong>13.-Jos\u00e9 Rojas<\/strong>: \u201cPepe\u201d en su rol de lateral ha mostrado un gran nivel en las \u00faltimas fechas, a pesar de decir que no es la posici\u00f3n que m\u00e1s le acomoda. Pese a aquello derrocha entrega, garra y fuerza. Nota 6.0<\/p>\n<p><strong>6.-Sebasti\u00e1n Martinez:<\/strong> Muy buen partido del \u201cChino\u201d en el regreso a la titularidad, gano casi todas las pelotas y fue una pesadilla para los creadores de \u00d1ublense- Nota 6.0<\/p>\n<p><strong>21.-Gonzalo Espinoza<\/strong>:<strong> El volante proveniente del\u00a0f\u00fatbol\u00a0argentino fue la figura del encuentro, marca diferencias cuando est\u00e1 en cancha, tiene muy buen quite y\u00a0adem\u00e1s una pegada exquisita que con pelotazos cruzados de 30 o 40 metros casi perfectos habilita constantemente a los delanteros. Nota 7.0<\/strong><\/p>\n<p><strong>10.- Ram\u00f3n Fern\u00e1ndez<\/strong>: Ram\u00f3n regreso a la titularidad y hizo un correct\u00edsimo partido, le cometieron el penal y adem\u00e1s marc\u00f3 el 3-0. Nota: 6.5<\/p>\n<p><strong>22.-Gustavo Lorenzetti:<\/strong> El duende azul parti\u00f3 casi como puntero izquierdo y termino acompa\u00f1ando de muy buena forma a Ram\u00f3n. Nota 6.0<\/p>\n<p><strong>8.- Patricio Rubio:<\/strong> El delantero ya lleva 10 goles, y es el quinto partido seguido en donde rompe las redes. Espectacular el torneo del \u201cPato\u201d. Nota 6.0<\/p>\n<p><strong>19.-Gustavo Canales:<\/strong> El \u201cm\u00e1gico\u201d mostr\u00f3 un alza notable en su rendimiento personal, se reencontr\u00f3 con las redes y demostr\u00f3 que es un jugador que marca diferencias. Nota 6.0<\/p>\n<p><strong>SUSTITUCIONES<\/strong><\/p>\n<p><strong>24.- Guzm\u00e1n Pereira (83&#8242; por Espinoza)<\/strong>: Ingreso a refrescar el mediocampo, y acto seguido vino el 3-0 Azul. Nota 5.5<\/p>\n<p><strong>9.-Enzo Gutierrez (89&#8242; por Fern\u00e1ndez)<\/strong>: Entr\u00f3 para refrescar y correr pelotas en delantera. Nota:&#8212;<\/p>\n<p><strong>18.- Juan Ignacio Duma (93\u2019 por Rubio)<\/strong>. Nota:&#8212;<\/p>\n","protected":false},"excerpt":{"rendered":"<p>Machete reorden\u00f3 el equipo nuevamente, aline\u00f3 una formaci\u00f3n m\u00e1s parecida al comienzo de torneo, y le dio resultado, los azules pr\u00e1cticamente no tuvieron puntos bajos y fueron los due\u00f1os del bal\u00f3n desde el minuto 0.<\/p>\n","protected":false},"author":21381,"featured_media":6306,"comment_status":"closed","ping_status":"open","sticky":false,"template":"","format":"standard","meta":{"footnotes":""},"categories":[18],"tags":[454,232,43],"class_list":{"0":"post-6308","1":"post","2":"type-post","3":"status-publish","4":"format-standard","5":"has-post-thumbnail","7":"category-actualidad","8":"tag-actualidad","9":"tag-apertura-2014-2015","10":"tag-marca-personal"},"_links":{"self":[{"href":"http:\/\/www.rincondelbulla.cl\/portal\/wp-json\/wp\/v2\/posts\/6308","targetHints":{"allow":["GET"]}}],"collection":[{"href":"http:\/\/www.rincondelbulla.cl\/portal\/wp-json\/wp\/v2\/posts"}],"about":[{"href":"http:\/\/www.rincondelbulla.cl\/portal\/wp-json\/wp\/v2\/types\/post"}],"author":[{"embeddable":true,"href":"http:\/\/www.rincondelbulla.cl\/portal\/wp-json\/wp\/v2\/users\/21381"}],"replies":[{"embeddable":true,"href":"http:\/\/www.rincondelbulla.cl\/portal\/wp-json\/wp\/v2\/comments?post=6308"}],"version-history":[{"count":3,"href":"http:\/\/www.rincondelbulla.cl\/portal\/wp-json\/wp\/v2\/posts\/6308\/revisions"}],"predecessor-version":[{"id":6311,"href":"http:\/\/www.rincondelbulla.cl\/portal\/wp-json\/wp\/v2\/posts\/6308\/revisions\/6311"}],"wp:featuredmedia":[{"embeddable":true,"href":"http:\/\/www.rincondelbulla.cl\/portal\/wp-json\/wp\/v2\/media\/6306"}],"wp:attachment":[{"href":"http:\/\/www.rincondelbulla.cl\/portal\/wp-json\/wp\/v2\/media?parent=6308"}],"wp:term":[{"taxonomy":"category","embeddable":true,"href":"http:\/\/www.rincondelbulla.cl\/portal\/wp-json\/wp\/v2\/categories?post=6308"},{"taxonomy":"post_tag","embeddable":true,"href":"http:\/\/www.rincondelbulla.cl\/portal\/wp-json\/wp\/v2\/tags?post=6308"}],"curies":[{"name":"wp","href":"https:\/\/api.w.org\/{rel}","templated":true}]}}