{"id":6313,"date":"2014-12-02T20:51:36","date_gmt":"2014-12-02T20:51:36","guid":{"rendered":"http:\/\/www.rincondelbulla.cl\/portal\/?p=6313"},"modified":"2014-12-02T21:16:01","modified_gmt":"2014-12-02T21:16:01","slug":"la-u-presenta-la-indumentaria-2015","status":"publish","type":"post","link":"http:\/\/www.rincondelbulla.cl\/portal\/2014\/12\/02\/la-u-presenta-la-indumentaria-2015\/","title":{"rendered":"La \u201cU\u201d presenta la indumentaria 2015"},"content":{"rendered":"<figure id=\"attachment_6317\" aria-describedby=\"caption-attachment-6317\" style=\"width: 1100px\" class=\"wp-caption alignnone\"><a href=\"http:\/\/www.rincondelbulla.cl\/portal\/wp-content\/uploads\/2014\/12\/camiseta2015.jpg\"><img loading=\"lazy\" decoding=\"async\" class=\"wp-image-6317 size-full\" src=\"http:\/\/www.rincondelbulla.cl\/portal\/wp-content\/uploads\/2014\/12\/camiseta2015.jpg\" alt=\"\" width=\"1100\" height=\"700\" srcset=\"http:\/\/www.rincondelbulla.cl\/portal\/wp-content\/uploads\/2014\/12\/camiseta2015.jpg 1100w, http:\/\/www.rincondelbulla.cl\/portal\/wp-content\/uploads\/2014\/12\/camiseta2015-300x191.jpg 300w, http:\/\/www.rincondelbulla.cl\/portal\/wp-content\/uploads\/2014\/12\/camiseta2015-768x489.jpg 768w, http:\/\/www.rincondelbulla.cl\/portal\/wp-content\/uploads\/2014\/12\/camiseta2015-696x443.jpg 696w, http:\/\/www.rincondelbulla.cl\/portal\/wp-content\/uploads\/2014\/12\/camiseta2015-1068x680.jpg 1068w, http:\/\/www.rincondelbulla.cl\/portal\/wp-content\/uploads\/2014\/12\/camiseta2015-660x420.jpg 660w\" sizes=\"auto, (max-width: 1100px) 100vw, 1100px\" \/><\/a><figcaption id=\"caption-attachment-6317\" class=\"wp-caption-text\">La \u00abU\u00bb present\u00f3 su nueva indumentaria &#8211; Foto: Felipe Inostroza<\/figcaption><\/figure>\n<p><strong>Esta tarde la Universidad de Chile en conjunto con Adidas dieron a conocer la nueva camiseta y ropa de entrenamiento para el pr\u00f3ximo a\u00f1o.\u00a0<\/strong><!--more--><\/p>\n<p>A pesar de las filtraciones, el grueso del plantel y dirigencia azul se dio cita en el nuevo Adidas del Costanera Center para presenciar la presentaci\u00f3n oficial la nueva camiseta que vestir\u00e1 la Universidad de Chile en el 2015.<\/p>\n<p>El encargado de dejar en que la camiseta dorada se ver\u00e1 un partido m\u00e1s a lo menos fue Carlos Heller, quien dijo que no hay c\u00e1balas de por medio, solo que el ciclo se cierra con la camiseta que hasta hoy visten los azules.<\/p>\n<p>A parte de la nueva camiseta que conmemora al Ballet Azul, tambi\u00e9n fue presentada la indumentaria de entrenamiento, la cual tiene como particularidad un naranjo fluor, el cual ya ha estado sujeto a cr\u00edticas por muchos de los hinchas.<\/p>\n<p>[fb_embed_post href=\u00bbhttps:\/\/www.facebook.com\/media\/set\/?set=a.867085946658096.1073741875.114204505279581&amp;type=1\/\u00bb width=\u00bb640&#8243;\/]<\/p>\n","protected":false},"excerpt":{"rendered":"<p>Esta tarde la Universidad de Chile en conjunto con Adidas dieron a conocer la nueva camiseta y ropa de entrenamiento para el pr\u00f3ximo a\u00f1o.\u00a0<\/p>\n","protected":false},"author":65,"featured_media":6317,"comment_status":"closed","ping_status":"open","sticky":false,"template":"","format":"standard","meta":{"footnotes":""},"categories":[18],"tags":[454,295,299,297],"class_list":{"0":"post-6313","1":"post","2":"type-post","3":"status-publish","4":"format-standard","5":"has-post-thumbnail","7":"category-actualidad","8":"tag-actualidad","9":"tag-adidas","10":"tag-camiseta-universidad-de-chile-2015","11":"tag-indumentaria"},"_links":{"self":[{"href":"http:\/\/www.rincondelbulla.cl\/portal\/wp-json\/wp\/v2\/posts\/6313","targetHints":{"allow":["GET"]}}],"collection":[{"href":"http:\/\/www.rincondelbulla.cl\/portal\/wp-json\/wp\/v2\/posts"}],"about":[{"href":"http:\/\/www.rincondelbulla.cl\/portal\/wp-json\/wp\/v2\/types\/post"}],"author":[{"embeddable":true,"href":"http:\/\/www.rincondelbulla.cl\/portal\/wp-json\/wp\/v2\/users\/65"}],"replies":[{"embeddable":true,"href":"http:\/\/www.rincondelbulla.cl\/portal\/wp-json\/wp\/v2\/comments?post=6313"}],"version-history":[{"count":5,"href":"http:\/\/www.rincondelbulla.cl\/portal\/wp-json\/wp\/v2\/posts\/6313\/revisions"}],"predecessor-version":[{"id":6320,"href":"http:\/\/www.rincondelbulla.cl\/portal\/wp-json\/wp\/v2\/posts\/6313\/revisions\/6320"}],"wp:featuredmedia":[{"embeddable":true,"href":"http:\/\/www.rincondelbulla.cl\/portal\/wp-json\/wp\/v2\/media\/6317"}],"wp:attachment":[{"href":"http:\/\/www.rincondelbulla.cl\/portal\/wp-json\/wp\/v2\/media?parent=6313"}],"wp:term":[{"taxonomy":"category","embeddable":true,"href":"http:\/\/www.rincondelbulla.cl\/portal\/wp-json\/wp\/v2\/categories?post=6313"},{"taxonomy":"post_tag","embeddable":true,"href":"http:\/\/www.rincondelbulla.cl\/portal\/wp-json\/wp\/v2\/tags?post=6313"}],"curies":[{"name":"wp","href":"https:\/\/api.w.org\/{rel}","templated":true}]}}