{"id":6322,"date":"2014-12-03T17:53:18","date_gmt":"2014-12-03T17:53:18","guid":{"rendered":"http:\/\/www.rincondelbulla.cl\/portal\/?p=6322"},"modified":"2014-12-03T18:17:46","modified_gmt":"2014-12-03T18:17:46","slug":"gustavo-lorenzetti-nuestra-final-es-el-sabado","status":"publish","type":"post","link":"http:\/\/www.rincondelbulla.cl\/portal\/2014\/12\/03\/gustavo-lorenzetti-nuestra-final-es-el-sabado\/","title":{"rendered":"Gustavo Lorenzetti: \u201cNuestra final es el s\u00e1bado\u201d"},"content":{"rendered":"<figure id=\"attachment_5945\" aria-describedby=\"caption-attachment-5945\" style=\"width: 1100px\" class=\"wp-caption alignnone\"><a href=\"http:\/\/www.rincondelbulla.cl\/portal\/wp-content\/uploads\/2014\/11\/gustavo_lorenzetti.jpg\"><img loading=\"lazy\" decoding=\"async\" class=\"size-full wp-image-5945\" src=\"http:\/\/www.rincondelbulla.cl\/portal\/wp-content\/uploads\/2014\/11\/gustavo_lorenzetti.jpg\" alt=\"Foto: Patricio Gonz\u00e1lez\" width=\"1100\" height=\"700\" srcset=\"http:\/\/www.rincondelbulla.cl\/portal\/wp-content\/uploads\/2014\/11\/gustavo_lorenzetti.jpg 1100w, http:\/\/www.rincondelbulla.cl\/portal\/wp-content\/uploads\/2014\/11\/gustavo_lorenzetti-300x191.jpg 300w, http:\/\/www.rincondelbulla.cl\/portal\/wp-content\/uploads\/2014\/11\/gustavo_lorenzetti-768x489.jpg 768w, http:\/\/www.rincondelbulla.cl\/portal\/wp-content\/uploads\/2014\/11\/gustavo_lorenzetti-696x443.jpg 696w, http:\/\/www.rincondelbulla.cl\/portal\/wp-content\/uploads\/2014\/11\/gustavo_lorenzetti-1068x680.jpg 1068w, http:\/\/www.rincondelbulla.cl\/portal\/wp-content\/uploads\/2014\/11\/gustavo_lorenzetti-660x420.jpg 660w\" sizes=\"auto, (max-width: 1100px) 100vw, 1100px\" \/><\/a><figcaption id=\"caption-attachment-5945\" class=\"wp-caption-text\">Foto: Patricio Gonz\u00e1lez<\/figcaption><\/figure>\n<p><strong>Universidad de Chile retom\u00f3 los entrenamientos de cara a la \u00faltima fecha del Apertura, la cual podr\u00eda coronar a los azules como monarcas.<\/strong><!--more--><\/p>\n<p>El equipo azul ya se enfoca de lleno en lo que ser\u00e1 la \u00faltima fecha de este torneo y el partido ante Calera de este s\u00e1bado a las 17:00 hrs. en el Estadio Nacional, fecha que podr\u00eda coronar a los azules como campeones, siempre que la U gane su partido y los de Pedreros enreden puntos en Valpara\u00edso<\/p>\n<p class=\"p1\"><span class=\"s1\">El encargado de enfrentar a los medios de comunicaci\u00f3n el d\u00eda de hoy fue Gustavo Lorenzetti, \u201cEl Duende\u201d se refiri\u00f3 a la \u00faltima fecha del torneo y la casualidad que dos aspirante directos al t\u00edtulo se enfrenten, <strong>\u00abAs\u00ed qued\u00f3 el fixture. Se cruzan entre ellos que son dos rivales directos que pelean con nosotros, seguro uno va a caer.<\/strong> Tenemos que hacer nuestro trabajo y ver lo que pasa en Valpara\u00edso\u201d, coment\u00f3.<\/span><\/p>\n<p class=\"p1\"><span class=\"s1\">Consultado sobre el tema de no depender del resultado de la U para salir campe\u00f3n Lorenzentti a\u00f1adi\u00f3, <strong>\u00abtrataremos de hacer nuestro trabajo, jugamos a la misma hora, no tendremos ni tiempo de pensar en Colo Colo\u201d<\/strong>. <\/span><\/p>\n<p class=\"p1\"><span class=\"s1\">Tambi\u00e9n tuvo palabras para los m\u00e9ritos mostrado por los azules para salir camep\u00f3n del torneo, <strong>\u00abhemos hecho una gran campa\u00f1a, pero no me gusta hablar de merecimientos.<\/strong> Hay que ganar y esperar lo que pase en Valpara\u00edso\u201d, agreg\u00f3 el argentino.<\/span><\/p>\n<p class=\"p1\"><span class=\"s1\">Sobre una eventual final ante los de Macul, el volante transandino fuen enf\u00e1tico en se\u00f1alar que primero hay que anfrentar y ganara el pr\u00f3ximo partido, <strong>\u00abNo pienso en una eventual final, ser\u00eda faltarle el respeto a La Calera<\/strong>. Hay que pensar en el partido del s\u00e1bado\u2026 <strong>la final para nosotros es el s\u00e1bado\u201d<\/strong>, se\u00f1al\u00f3.<\/span><\/p>\n<p class=\"p1\"><span class=\"s1\">Adem\u00e1s tuvo palabras para la dupla Rubio Canales, una de las m\u00e1s goleadoras del torneo, \u00abTanto Gustavo como el Pato est\u00e1n en un nivel muy importante para nosotros, arriba en la tabla de goleadores. <strong>Han sido clave durante todo el torneo y ojal\u00e1 la pueden meter en el \u00faltimo partido\u201d<\/strong>, acot\u00f3 el volante.<\/span><\/p>\n<p class=\"p1\"><strong><span class=\"s1\">COPA LIBERTADORES<\/span><\/strong><\/p>\n<p class=\"p1\"><span class=\"s1\">Si Universidad de Chile gana este s\u00e1bado, sin importar el resultado de Valpara\u00edso, asegurar\u00e1 el cupo Chile 2 para el torneo continental del pr\u00f3ximo a\u00f1o, consultado sobre esto el argentino expres\u00f3, \u00ab<strong>es un grupo duro como todos los de Copa, esperamos abrochar la victoria\u201d<\/strong>.<\/span><\/p>\n<p class=\"p1\"><span class=\"s1\">Cabe se\u00f1alar que si Universidad de Chile asegura el cupo de Chile 2 estar\u00e1 en el grupo 4 con Emelec, Brasil 4 y<span class=\"Apple-converted-space\">\u00a0 <\/span>el ganador 4 , que podr\u00eda ser Monarcas o The Strongest.<\/span><\/p>\n<p class=\"p1\"><span class=\"s1\">Para finalizar, Lorenzetti se refiri\u00f3 al trabajo que realiza Mart\u00edn Lasarte con el grupo, <strong>\u00ab\u00e9l conf\u00eda muchos en nosotros. Hemos querido vivir una semana tranquila para no cargar m\u00e1s la tensi\u00f3n. Es un cuerpo t\u00e9cnico muy motivador\u201d<\/strong>, sentenci\u00f3.<\/span><\/p>\n","protected":false},"excerpt":{"rendered":"<p>Universidad de Chile retom\u00f3 los entrenamientos de cara a la \u00faltima fecha del Apertura, la cual podr\u00eda coronar a los azules como monarcas.<\/p>\n","protected":false},"author":56,"featured_media":5945,"comment_status":"closed","ping_status":"open","sticky":false,"template":"","format":"standard","meta":{"footnotes":""},"categories":[18],"tags":[454,232,209,78,156],"class_list":{"0":"post-6322","1":"post","2":"type-post","3":"status-publish","4":"format-standard","5":"has-post-thumbnail","7":"category-actualidad","8":"tag-actualidad","9":"tag-apertura-2014-2015","10":"tag-conferencia-de-prensa","11":"tag-gustavo-lorenzetti","12":"tag-universidad-de-chile"},"_links":{"self":[{"href":"http:\/\/www.rincondelbulla.cl\/portal\/wp-json\/wp\/v2\/posts\/6322","targetHints":{"allow":["GET"]}}],"collection":[{"href":"http:\/\/www.rincondelbulla.cl\/portal\/wp-json\/wp\/v2\/posts"}],"about":[{"href":"http:\/\/www.rincondelbulla.cl\/portal\/wp-json\/wp\/v2\/types\/post"}],"author":[{"embeddable":true,"href":"http:\/\/www.rincondelbulla.cl\/portal\/wp-json\/wp\/v2\/users\/56"}],"replies":[{"embeddable":true,"href":"http:\/\/www.rincondelbulla.cl\/portal\/wp-json\/wp\/v2\/comments?post=6322"}],"version-history":[{"count":3,"href":"http:\/\/www.rincondelbulla.cl\/portal\/wp-json\/wp\/v2\/posts\/6322\/revisions"}],"predecessor-version":[{"id":6325,"href":"http:\/\/www.rincondelbulla.cl\/portal\/wp-json\/wp\/v2\/posts\/6322\/revisions\/6325"}],"wp:featuredmedia":[{"embeddable":true,"href":"http:\/\/www.rincondelbulla.cl\/portal\/wp-json\/wp\/v2\/media\/5945"}],"wp:attachment":[{"href":"http:\/\/www.rincondelbulla.cl\/portal\/wp-json\/wp\/v2\/media?parent=6322"}],"wp:term":[{"taxonomy":"category","embeddable":true,"href":"http:\/\/www.rincondelbulla.cl\/portal\/wp-json\/wp\/v2\/categories?post=6322"},{"taxonomy":"post_tag","embeddable":true,"href":"http:\/\/www.rincondelbulla.cl\/portal\/wp-json\/wp\/v2\/tags?post=6322"}],"curies":[{"name":"wp","href":"https:\/\/api.w.org\/{rel}","templated":true}]}}