{"id":639,"date":"2008-03-25T18:02:04","date_gmt":"2008-03-25T18:02:04","guid":{"rendered":"http:\/\/www.rincondelbulla.cl\/portal\/?p=639"},"modified":"2008-03-25T18:02:04","modified_gmt":"2008-03-25T18:02:04","slug":"salas-agradecio-celebracion-de-sanchez-me-parecio-muy-lindo-el-gesto-de-alexis","status":"publish","type":"post","link":"http:\/\/www.rincondelbulla.cl\/portal\/2008\/03\/25\/salas-agradecio-celebracion-de-sanchez-me-parecio-muy-lindo-el-gesto-de-alexis\/","title":{"rendered":"Salas agradeci\u00f3 celebraci\u00f3n de S\u00e1nchez: \u00abMe pareci\u00f3 muy lindo el gesto de Alexis\u00bb"},"content":{"rendered":"<p><img decoding=\"async\" src=\"images\/stories\/salasnuevo7.jpg\" hspace=\"6\" alt=\"\" title=\"\" border=\"0\" style=\"float: left;\" \/><b>El &#8216;Matador&#8217; se mostr&oacute; orgulloso por el homenaje que le hizo el atacante tras anotar el fin de semana por River, alegr&aacute;ndose por su presente. Tambi&eacute;n dedic&oacute; elogios a Marcelo R&iacute;os. Adem&aacute;s, aclar&oacute; que los jugadores son responsables de la irregularidad de la &#8216;U&#8217;.<br \/> <\/b>Generoso se mostr&oacute; Marcelo Salas en una nueva jornada de conversaci&oacute;n con la  <!--more--> prensa en el Caracol Azul.<\/p>\n<p> En primer lugar coment&oacute; la celebraci&oacute;n de Alexis S&aacute;nchez tras anotar a V&eacute;lez, emulando el gesto que hace com&uacute;nmente el &#8216;Matador&#8217;. &quot;Me pareci&oacute; un lindo gesto. Me llam&oacute; su representante para comentarme y despu&eacute;s vi la im&aacute;genes y me pareci&oacute; espectacular. Tenemos una relaci&oacute;n especial porque no somos de hablar mucho pero hemos compartido cosas. Me alegro por &eacute;l que le vaya bien&quot;.<\/p>\n<p> Tambi&eacute;n se le consult&oacute; con respecto a la encuesta que se est&aacute; haciendo en River donde aparece segundo como el m&aacute;ximo &iacute;dolo en la historia del club. Me siento orgulloso. No compito con cualquier persona, es gente importante para River y el f&uacute;tbol argentino. Estoy contento por haber dejado algo all&aacute;, y el solo hecho de ser considerado ya es un premio muy grande&quot;.<\/p>\n<p> Incluso, reconoci&oacute; ser seguidor de tenis a la hora de referirse a los 10 a&ntilde;os que se cumplen desde que Marcelo R&iacute;os fue n&uacute;mero uno del planeta. &quot;Su calidad no la tiene nadie. Conversando con otros tenistas me dec&iacute;an que les daba miedo jugar contra &eacute;l. Me sent&iacute; orgulloso como todos los chilenos, nos sentimos identificados con eso. Fue el logro m&aacute;s importante de nuestro deporte&quot;.<\/p>\n<p> Aterrizando en la contingencia de su club y la Selecci&oacute;n, confes&oacute; que esperaba otros nombres en la n&oacute;mina de Marcelo Bielsa que est&aacute; en Israel. &quot;Conoci&eacute;ndolo lo poco que lo conozco en las concentraciones no me sorprende que lo haya hecho. Todos esper&aacute;bamos que llamara a otros jugadores pero &eacute;l sabr&aacute; porqu&eacute; lo hizo&quot;.<\/p>\n<p> El atacante nuevamente esboz&oacute; cr&iacute;ticas a los dirigentes del deporte por el tope de fechas entre el Supercl&aacute;sico ante Colo Colo y el duelo de Copa Davis ante Canad&aacute;. &quot;Es incre&iacute;ble esos problemas se dan todos los a&ntilde;os. A mi parecer el f&uacute;tbol tiene la prioridad por la reserva que se hizo del estadio con antelaci&oacute;n. Adem&aacute;s, que se juegue un cl&aacute;sico a mitad de semana no le conviene a nadie&quot;.<\/p>\n<p> Finalmente, la derrota de la &#8216;U&#8217; ante Huachipato reflej&oacute; la preocupaci&oacute;n que existe en el plantel por el torneo que se ha hecho. &quot;Hemos sido demasiado irregulares, no hemos podido mantener el buen juego. Tuvimos varios partidos con los primeros tiempos bajos y luego sub&iacute;amos pero ahora fue al rev&eacute;s, el primer tiempo fue de lo mejor que hemos hecho en el a&ntilde;o, pero terminamos perdi&eacute;ndolo en el segundo. Podr&iacute;amos estar con m&aacute;s puntos por lo que no estamos contentos&quot;.<\/p>\n<p> As&iacute;, fue sincero al comentar que &quot;a&uacute;n no tenemos un partido bueno completo y eso no nos deja tranquilos. Pasa por un tema de concentraci&oacute;n porque ac&aacute; estamos entrenando bien, en la parte f&iacute;sica y t&aacute;ctica, por lo que depende de nosotros en la cancha&quot;. <\/p>\n","protected":false},"excerpt":{"rendered":"<p>El &#8216;Matador&#8217; se mostr&oacute; orgulloso por el homenaje que le hizo el atacante tras anotar el fin de semana por River, alegr&aacute;ndose por su presente. Tambi&eacute;n dedic&oacute; elogios a Marcelo R&iacute;os. Adem&aacute;s, aclar&oacute; que los jugadores son responsables de la irregularidad de la &#8216;U&#8217;. Generoso se mostr&oacute; Marcelo Salas en una nueva jornada de conversaci&oacute;n [&#8230;]<\/p>\n","protected":false},"author":1,"featured_media":0,"comment_status":"open","ping_status":"open","sticky":false,"template":"","format":"standard","meta":{"footnotes":""},"categories":[18],"tags":[],"class_list":{"0":"post-639","1":"post","2":"type-post","3":"status-publish","4":"format-standard","6":"category-actualidad"},"_links":{"self":[{"href":"http:\/\/www.rincondelbulla.cl\/portal\/wp-json\/wp\/v2\/posts\/639","targetHints":{"allow":["GET"]}}],"collection":[{"href":"http:\/\/www.rincondelbulla.cl\/portal\/wp-json\/wp\/v2\/posts"}],"about":[{"href":"http:\/\/www.rincondelbulla.cl\/portal\/wp-json\/wp\/v2\/types\/post"}],"author":[{"embeddable":true,"href":"http:\/\/www.rincondelbulla.cl\/portal\/wp-json\/wp\/v2\/users\/1"}],"replies":[{"embeddable":true,"href":"http:\/\/www.rincondelbulla.cl\/portal\/wp-json\/wp\/v2\/comments?post=639"}],"version-history":[{"count":0,"href":"http:\/\/www.rincondelbulla.cl\/portal\/wp-json\/wp\/v2\/posts\/639\/revisions"}],"wp:attachment":[{"href":"http:\/\/www.rincondelbulla.cl\/portal\/wp-json\/wp\/v2\/media?parent=639"}],"wp:term":[{"taxonomy":"category","embeddable":true,"href":"http:\/\/www.rincondelbulla.cl\/portal\/wp-json\/wp\/v2\/categories?post=639"},{"taxonomy":"post_tag","embeddable":true,"href":"http:\/\/www.rincondelbulla.cl\/portal\/wp-json\/wp\/v2\/tags?post=639"}],"curies":[{"name":"wp","href":"https:\/\/api.w.org\/{rel}","templated":true}]}}