{"id":641,"date":"2008-03-29T09:08:47","date_gmt":"2008-03-29T09:08:47","guid":{"rendered":"http:\/\/www.rincondelbulla.cl\/portal\/?p=641"},"modified":"2008-03-29T09:08:47","modified_gmt":"2008-03-29T09:08:47","slug":"salah-variara-la-defensa-y-sacara-a-larrondo-en-reemplazo-de-juan-gonzalez","status":"publish","type":"post","link":"http:\/\/www.rincondelbulla.cl\/portal\/2008\/03\/29\/salah-variara-la-defensa-y-sacara-a-larrondo-en-reemplazo-de-juan-gonzalez\/","title":{"rendered":"Salah variar\u00e1 la defensa y sacar\u00e1 a Larrondo en reemplazo de Juan Gonz\u00e1lez"},"content":{"rendered":"<p><img decoding=\"async\" src=\"images\/stories\/salahnuevo4.jpg\" hspace=\"6\" alt=\"\" title=\"\" border=\"0\" style=\"float: left;\" \/><b>El otrora zaguero de Audax Italiano volver&aacute; a la titularidad en desmedro del ex seleccionado sub 20 en el duelo del pr&oacute;ximo lunes ante Santiago Morning.<\/b><br \/> Universidad de Chile presentar&aacute; una novedad en el duelo del pr&oacute;ximo lunes ante Santiago Morning por la 13&ordf; fecha del Torneo de Apertura siendo Nicol&aacute;s Larrondo el gran damnificado.<br \/>  <!--more--> <\/p>\n<p> El ex zaguero de la selecci&oacute;n sub 20 que jug&oacute; en el Mundial de Canad&aacute; ser&aacute; reemplazado por Juan Gonz&aacute;lez, quien hab&iacute;a salido del equipo por bajo rendimiento.<\/p>\n<p> &quot;Es una decisi&oacute;n t&eacute;cnica que creo le viene bien al equipo en estos momentos y Juan Gonz&aacute;lez vino ac&aacute; como el jugador que ha demostrado ser. Es un zaguero de jerarqu&iacute;a que ha hecho tremendos campeonatos y la vez anterior sali&oacute; por el rendimiento colectivo del equipo y &eacute;l fue v&iacute;ctima. Ahora esperamos que juegue como lo haga siempre&quot;, dijo el entrenador azul tras la pr&aacute;ctica de este viernes.<\/p>\n<p> Salah tambi&eacute;n tuvo palabras para la renuncia de Claudio Borghi y dijo entender la decisi&oacute;n del entrenador argentino. &quot;En estas cosas, s&oacute;lo &eacute;l sabe las cosas que ha vivido, los detalles que ha tenido, los desgastes y todo lo que siente. Esta es una profesi&oacute;n de 24 horas, no del partido del domingo y hay un costo energ&eacute;tico que tiene el entrenador con los jugadores, dirigentes, hinchas y con los periodistas&quot;, explic&oacute;.<\/p>\n<p> En tanto Manuel Villalobos se refiri&oacute; a la brega del lunes ante el elenco bohemio y coment&oacute; que &quot;por un lado es bueno saber los resultados, pero a la vez tambi&eacute;n te pone presi&oacute;n. Ojala ganemos para seguir en los primeros lugares y se pueda dar una fecha a favor de nosotros&quot;.<\/p>\n<p> &quot;La idea era mantenernos punteros y ahora hay que tomar conciencia para mejorar y seguir metidos en la pelea por clasificar a una copa&quot;, agreg&oacute;. <\/p>\n","protected":false},"excerpt":{"rendered":"<p>El otrora zaguero de Audax Italiano volver&aacute; a la titularidad en desmedro del ex seleccionado sub 20 en el duelo del pr&oacute;ximo lunes ante Santiago Morning. Universidad de Chile presentar&aacute; una novedad en el duelo del pr&oacute;ximo lunes ante Santiago Morning por la 13&ordf; fecha del Torneo de Apertura siendo Nicol&aacute;s Larrondo el gran damnificado.<\/p>\n","protected":false},"author":1,"featured_media":0,"comment_status":"open","ping_status":"open","sticky":false,"template":"","format":"standard","meta":{"footnotes":""},"categories":[18],"tags":[],"class_list":{"0":"post-641","1":"post","2":"type-post","3":"status-publish","4":"format-standard","6":"category-actualidad"},"_links":{"self":[{"href":"http:\/\/www.rincondelbulla.cl\/portal\/wp-json\/wp\/v2\/posts\/641","targetHints":{"allow":["GET"]}}],"collection":[{"href":"http:\/\/www.rincondelbulla.cl\/portal\/wp-json\/wp\/v2\/posts"}],"about":[{"href":"http:\/\/www.rincondelbulla.cl\/portal\/wp-json\/wp\/v2\/types\/post"}],"author":[{"embeddable":true,"href":"http:\/\/www.rincondelbulla.cl\/portal\/wp-json\/wp\/v2\/users\/1"}],"replies":[{"embeddable":true,"href":"http:\/\/www.rincondelbulla.cl\/portal\/wp-json\/wp\/v2\/comments?post=641"}],"version-history":[{"count":0,"href":"http:\/\/www.rincondelbulla.cl\/portal\/wp-json\/wp\/v2\/posts\/641\/revisions"}],"wp:attachment":[{"href":"http:\/\/www.rincondelbulla.cl\/portal\/wp-json\/wp\/v2\/media?parent=641"}],"wp:term":[{"taxonomy":"category","embeddable":true,"href":"http:\/\/www.rincondelbulla.cl\/portal\/wp-json\/wp\/v2\/categories?post=641"},{"taxonomy":"post_tag","embeddable":true,"href":"http:\/\/www.rincondelbulla.cl\/portal\/wp-json\/wp\/v2\/tags?post=641"}],"curies":[{"name":"wp","href":"https:\/\/api.w.org\/{rel}","templated":true}]}}