{"id":6547,"date":"2014-12-15T22:17:51","date_gmt":"2014-12-15T22:17:51","guid":{"rendered":"http:\/\/www.rincondelbulla.cl\/portal\/?p=6547"},"modified":"2014-12-15T23:00:12","modified_gmt":"2014-12-15T23:00:12","slug":"heller-quiere-remecer-el-mercado-en-la-inter-temporada","status":"publish","type":"post","link":"http:\/\/www.rincondelbulla.cl\/portal\/2014\/12\/15\/heller-quiere-remecer-el-mercado-en-la-inter-temporada\/","title":{"rendered":"Heller quiere remecer el mercado en la inter-temporada"},"content":{"rendered":"<figure id=\"attachment_6550\" aria-describedby=\"caption-attachment-6550\" style=\"width: 1100px\" class=\"wp-caption alignnone\"><a href=\"http:\/\/www.rincondelbulla.cl\/portal\/wp-content\/uploads\/2014\/12\/carlos_heller.jpg\"><img loading=\"lazy\" decoding=\"async\" class=\"wp-image-6550 size-full\" src=\"http:\/\/www.rincondelbulla.cl\/portal\/wp-content\/uploads\/2014\/12\/carlos_heller.jpg\" alt=\"\" width=\"1100\" height=\"700\" srcset=\"http:\/\/www.rincondelbulla.cl\/portal\/wp-content\/uploads\/2014\/12\/carlos_heller.jpg 1100w, http:\/\/www.rincondelbulla.cl\/portal\/wp-content\/uploads\/2014\/12\/carlos_heller-300x191.jpg 300w, http:\/\/www.rincondelbulla.cl\/portal\/wp-content\/uploads\/2014\/12\/carlos_heller-768x489.jpg 768w, http:\/\/www.rincondelbulla.cl\/portal\/wp-content\/uploads\/2014\/12\/carlos_heller-696x443.jpg 696w, http:\/\/www.rincondelbulla.cl\/portal\/wp-content\/uploads\/2014\/12\/carlos_heller-1068x680.jpg 1068w, http:\/\/www.rincondelbulla.cl\/portal\/wp-content\/uploads\/2014\/12\/carlos_heller-660x420.jpg 660w\" sizes=\"auto, (max-width: 1100px) 100vw, 1100px\" \/><\/a><figcaption id=\"caption-attachment-6550\" class=\"wp-caption-text\">Heller quiere remecer el mercado &#8211; Foto: Patricio Gonz\u00e1lez<\/figcaption><\/figure>\n<p>Carlos Heller asegur\u00f3 que esperar\u00e1 hasta \u00faltimo minuto para lograr una contrataci\u00f3n de Categor\u00eda y Bomb\u00e1stica. Todo esto a ra\u00edz de la medi\u00e1tica vuelta de \u00abChupete\u00bb Suazo a los \u201cincoloros\u201d. Y no se qued\u00f3 ah\u00ed, <strong>\u201cpodr\u00eda traer a Forl\u00e1n, ese es bomb\u00e1stico, pero yo lo quiero bomb\u00e1stico en la cancha\u201d<\/strong>.<!--more--><\/p>\n<p>Tambi\u00e9n se refiri\u00f3 a como es la b\u00fasqueda en \u201cLa Gloriosa\u201d, <strong>\u201cme preocupa buscar refuerzos con el estilo de la \u2018U\u2019. Muchos jugadores que llegan al club dicen \u2018qu\u00e9 distinto es estar ac\u00e1\u2019. Preg\u00fantale a Mart\u00edn Lasarte qu\u00e9 se siente estar en la \u2018U\u2019. Y aparte, a veces no resultan esos \u2018bomb\u00e1stico<\/strong>s\u2019\u201d, agregando que en su minuto le ofrecieron a \u201cfatiga\u201d Fern\u00e1ndez, \u201cLo ofrecieron en alg\u00fan minuto, pero es m\u00e1s humo que nada. Muy lejano, es como pensar en Pinilla o Montillo, por la liga en la que est\u00e1n y lo que ganan\u201d.<\/p>\n<p>Y para cerrar se refiri\u00f3 a las ya c\u00e9lebres declaraciones de Julio \u201cSollozo\u201d, <strong>\u201clas personas que hacen declaraciones tienen que tener mucho cuidado, porque los perjudicados somos nosotros. Lo que declar\u00f3 Barroso en su minuto es s\u00faper irresponsable\u201d.<\/strong><\/p>\n","protected":false},"excerpt":{"rendered":"<p>Carlos Heller asegur\u00f3 que esperar\u00e1 hasta \u00faltimo minuto para lograr una contrataci\u00f3n de Categor\u00eda y Bomb\u00e1stica. Todo esto a ra\u00edz de la medi\u00e1tica vuelta de \u00abChupete\u00bb Suazo a los \u201cincoloros\u201d. Y no se qued\u00f3 ah\u00ed, \u201cpodr\u00eda traer a Forl\u00e1n, ese es bomb\u00e1stico, pero yo lo quiero bomb\u00e1stico en la cancha\u201d.<\/p>\n","protected":false},"author":21381,"featured_media":6550,"comment_status":"closed","ping_status":"open","sticky":false,"template":"","format":"standard","meta":{"footnotes":""},"categories":[18],"tags":[454,314,192,275],"class_list":{"0":"post-6547","1":"post","2":"type-post","3":"status-publish","4":"format-standard","5":"has-post-thumbnail","7":"category-actualidad","8":"tag-actualidad","9":"tag-breves","10":"tag-carlos-heller","11":"tag-movidas-2015"},"_links":{"self":[{"href":"http:\/\/www.rincondelbulla.cl\/portal\/wp-json\/wp\/v2\/posts\/6547","targetHints":{"allow":["GET"]}}],"collection":[{"href":"http:\/\/www.rincondelbulla.cl\/portal\/wp-json\/wp\/v2\/posts"}],"about":[{"href":"http:\/\/www.rincondelbulla.cl\/portal\/wp-json\/wp\/v2\/types\/post"}],"author":[{"embeddable":true,"href":"http:\/\/www.rincondelbulla.cl\/portal\/wp-json\/wp\/v2\/users\/21381"}],"replies":[{"embeddable":true,"href":"http:\/\/www.rincondelbulla.cl\/portal\/wp-json\/wp\/v2\/comments?post=6547"}],"version-history":[{"count":5,"href":"http:\/\/www.rincondelbulla.cl\/portal\/wp-json\/wp\/v2\/posts\/6547\/revisions"}],"predecessor-version":[{"id":6553,"href":"http:\/\/www.rincondelbulla.cl\/portal\/wp-json\/wp\/v2\/posts\/6547\/revisions\/6553"}],"wp:featuredmedia":[{"embeddable":true,"href":"http:\/\/www.rincondelbulla.cl\/portal\/wp-json\/wp\/v2\/media\/6550"}],"wp:attachment":[{"href":"http:\/\/www.rincondelbulla.cl\/portal\/wp-json\/wp\/v2\/media?parent=6547"}],"wp:term":[{"taxonomy":"category","embeddable":true,"href":"http:\/\/www.rincondelbulla.cl\/portal\/wp-json\/wp\/v2\/categories?post=6547"},{"taxonomy":"post_tag","embeddable":true,"href":"http:\/\/www.rincondelbulla.cl\/portal\/wp-json\/wp\/v2\/tags?post=6547"}],"curies":[{"name":"wp","href":"https:\/\/api.w.org\/{rel}","templated":true}]}}