{"id":6562,"date":"2014-12-17T19:39:28","date_gmt":"2014-12-17T19:39:28","guid":{"rendered":"http:\/\/www.rincondelbulla.cl\/portal\/?p=6562"},"modified":"2014-12-17T20:58:48","modified_gmt":"2014-12-17T20:58:48","slug":"alejandro-varas-leandro-benegas-va-a-jugar-en-la-u","status":"publish","type":"post","link":"http:\/\/www.rincondelbulla.cl\/portal\/2014\/12\/17\/alejandro-varas-leandro-benegas-va-a-jugar-en-la-u\/","title":{"rendered":"Alejandro Varas: \u00abLeandro Benegas va a jugar en la U\u00bb"},"content":{"rendered":"<figure id=\"attachment_6576\" aria-describedby=\"caption-attachment-6576\" style=\"width: 1100px\" class=\"wp-caption alignnone\"><a href=\"http:\/\/www.rincondelbulla.cl\/portal\/wp-content\/uploads\/2014\/12\/leandro_benegas.jpg\"><img loading=\"lazy\" decoding=\"async\" class=\"wp-image-6576 size-full\" src=\"http:\/\/www.rincondelbulla.cl\/portal\/wp-content\/uploads\/2014\/12\/leandro_benegas.jpg\" alt=\"Lasarte busca las piezas necesarias para mantener el ritmo del campe\u00f3n e ir en busca de nuevos desaf\u00edos\" width=\"1100\" height=\"700\" srcset=\"http:\/\/www.rincondelbulla.cl\/portal\/wp-content\/uploads\/2014\/12\/leandro_benegas.jpg 1100w, http:\/\/www.rincondelbulla.cl\/portal\/wp-content\/uploads\/2014\/12\/leandro_benegas-300x191.jpg 300w, http:\/\/www.rincondelbulla.cl\/portal\/wp-content\/uploads\/2014\/12\/leandro_benegas-768x489.jpg 768w, http:\/\/www.rincondelbulla.cl\/portal\/wp-content\/uploads\/2014\/12\/leandro_benegas-696x443.jpg 696w, http:\/\/www.rincondelbulla.cl\/portal\/wp-content\/uploads\/2014\/12\/leandro_benegas-1068x680.jpg 1068w, http:\/\/www.rincondelbulla.cl\/portal\/wp-content\/uploads\/2014\/12\/leandro_benegas-660x420.jpg 660w\" sizes=\"auto, (max-width: 1100px) 100vw, 1100px\" \/><\/a><figcaption id=\"caption-attachment-6576\" class=\"wp-caption-text\">Lasarte busca las piezas necesarias para mantener el ritmo del campe\u00f3n e ir en busca de nuevos desaf\u00edos<\/figcaption><\/figure>\n<p><strong>Mucho se ha hablado en la semana sobre la llegada de Leandro Benegas, como primer fichaje azul. Sin embargo, a la par tambi\u00e9n salieron algunas versiones que sosten\u00edan la ca\u00edda del supuesto refuerzo.<\/strong><\/p>\n<p><!--more--><\/p>\n<p>No obstante este mi\u00e9rcoles versiones oficiales de ambos equipos sostendr\u00edan que el delantero estar\u00eda listo para jugar en la \u00abU\u00bb. Se trata del gerente de f\u00fatbol de Uni\u00f3n La Calera, Alejandro Varas, quien sali\u00f3 al paso de las especulaciones asegurando que el club no tiene impedimento alguno para que el jugador se convierta en el primer refuerzo azul.<\/p>\n<p>\u00ab<strong>Para Uni\u00f3n La Calera, Benegas va a jugar por la U<\/strong>. Ahora no s\u00e9 si habr\u00e1 alg\u00fan impedimento en otra parte\u00bb, afirm\u00f3 el Varas en conversaci\u00f3n con Cooperativa.<\/p>\n<p>El dirigente adem\u00e1s confirm\u00f3 que <strong>el club es due\u00f1o de la mitad del pase del delantero y que el otro 50 por ciento pertenece al representante del jugador, se\u00f1alando que \u00abquiz\u00e1s ah\u00ed hay una traba\u00bb<\/strong>.<\/p>\n<p><strong>EL OTRO REFUERZO<\/strong><\/p>\n<p>Por otra parte, seg\u00fan algunos medios <strong>el portero Luis Mar\u00edn<\/strong>, que recordemos parti\u00f3 para jugar en la MLS de EEUU, <strong>ya tendr\u00eda reemplazante. Se trata de Gabriel Castell\u00f3n<\/strong>. El portero habr\u00eda terminado su v\u00ednculo con Santiago Wanderers ante no llegar a acuerdo por el precio de su pase, adem\u00e1s de temas salariales.<\/p>\n<p>Tras esto las opciones de Castell\u00f3n por ser el nuevo arquero de la U, crecieron considerablemente. Desde la tienda azul afirmaron que <strong>\u00abCastell\u00f3n es el que m\u00e1s gusta porque es joven, tiene solo 21 a\u00f1os\u00bb<\/strong>.<\/p>\n<p><strong>As\u00ed comienza a tomar forma la nueva Universidad de Chile<\/strong>, que tiene grandes desaf\u00edos en el horizonte como son el Bicampeonato y la Copa Libertadores.<\/p>\n","protected":false},"excerpt":{"rendered":"<p>Mucho se ha hablado en la semana sobre la llegada de Leandro Benegas, como primer fichaje azul. Sin embargo, a la par tambi\u00e9n salieron algunas versiones que sosten\u00edan la ca\u00edda del supuesto refuerzo.<\/p>\n","protected":false},"author":21383,"featured_media":6468,"comment_status":"closed","ping_status":"open","sticky":false,"template":"","format":"standard","meta":{"footnotes":""},"categories":[18],"tags":[454,319,275,157],"class_list":{"0":"post-6562","1":"post","2":"type-post","3":"status-publish","4":"format-standard","5":"has-post-thumbnail","7":"category-actualidad","8":"tag-actualidad","9":"tag-leandro-benegas","10":"tag-movidas-2015","11":"tag-portada"},"_links":{"self":[{"href":"http:\/\/www.rincondelbulla.cl\/portal\/wp-json\/wp\/v2\/posts\/6562","targetHints":{"allow":["GET"]}}],"collection":[{"href":"http:\/\/www.rincondelbulla.cl\/portal\/wp-json\/wp\/v2\/posts"}],"about":[{"href":"http:\/\/www.rincondelbulla.cl\/portal\/wp-json\/wp\/v2\/types\/post"}],"author":[{"embeddable":true,"href":"http:\/\/www.rincondelbulla.cl\/portal\/wp-json\/wp\/v2\/users\/21383"}],"replies":[{"embeddable":true,"href":"http:\/\/www.rincondelbulla.cl\/portal\/wp-json\/wp\/v2\/comments?post=6562"}],"version-history":[{"count":5,"href":"http:\/\/www.rincondelbulla.cl\/portal\/wp-json\/wp\/v2\/posts\/6562\/revisions"}],"predecessor-version":[{"id":6577,"href":"http:\/\/www.rincondelbulla.cl\/portal\/wp-json\/wp\/v2\/posts\/6562\/revisions\/6577"}],"wp:featuredmedia":[{"embeddable":true,"href":"http:\/\/www.rincondelbulla.cl\/portal\/wp-json\/wp\/v2\/media\/6468"}],"wp:attachment":[{"href":"http:\/\/www.rincondelbulla.cl\/portal\/wp-json\/wp\/v2\/media?parent=6562"}],"wp:term":[{"taxonomy":"category","embeddable":true,"href":"http:\/\/www.rincondelbulla.cl\/portal\/wp-json\/wp\/v2\/categories?post=6562"},{"taxonomy":"post_tag","embeddable":true,"href":"http:\/\/www.rincondelbulla.cl\/portal\/wp-json\/wp\/v2\/tags?post=6562"}],"curies":[{"name":"wp","href":"https:\/\/api.w.org\/{rel}","templated":true}]}}