{"id":6572,"date":"2014-12-17T20:51:31","date_gmt":"2014-12-17T20:51:31","guid":{"rendered":"http:\/\/www.rincondelbulla.cl\/portal\/?p=6572"},"modified":"2014-12-17T21:03:44","modified_gmt":"2014-12-17T21:03:44","slug":"hinchas-homenajean-a-plantel-de-1994","status":"publish","type":"post","link":"http:\/\/www.rincondelbulla.cl\/portal\/2014\/12\/17\/hinchas-homenajean-a-plantel-de-1994\/","title":{"rendered":"Hinchas homenajean a plantel de 1994"},"content":{"rendered":"<figure id=\"attachment_6578\" aria-describedby=\"caption-attachment-6578\" style=\"width: 1100px\" class=\"wp-caption alignnone\"><a href=\"http:\/\/www.rincondelbulla.cl\/portal\/wp-content\/uploads\/2014\/12\/cenaplanel94.jpg\"><img loading=\"lazy\" decoding=\"async\" class=\"wp-image-6578 size-full\" src=\"http:\/\/www.rincondelbulla.cl\/portal\/wp-content\/uploads\/2014\/12\/cenaplanel94.jpg\" alt=\"\" width=\"1100\" height=\"700\" srcset=\"http:\/\/www.rincondelbulla.cl\/portal\/wp-content\/uploads\/2014\/12\/cenaplanel94.jpg 1100w, http:\/\/www.rincondelbulla.cl\/portal\/wp-content\/uploads\/2014\/12\/cenaplanel94-300x191.jpg 300w, http:\/\/www.rincondelbulla.cl\/portal\/wp-content\/uploads\/2014\/12\/cenaplanel94-768x489.jpg 768w, http:\/\/www.rincondelbulla.cl\/portal\/wp-content\/uploads\/2014\/12\/cenaplanel94-696x443.jpg 696w, http:\/\/www.rincondelbulla.cl\/portal\/wp-content\/uploads\/2014\/12\/cenaplanel94-1068x680.jpg 1068w, http:\/\/www.rincondelbulla.cl\/portal\/wp-content\/uploads\/2014\/12\/cenaplanel94-660x420.jpg 660w\" sizes=\"auto, (max-width: 1100px) 100vw, 1100px\" \/><\/a><figcaption id=\"caption-attachment-6578\" class=\"wp-caption-text\">Cena Plantel 1994 &#8211; Foto: Felipe Inostroza<\/figcaption><\/figure>\n<p><strong>Este martes reci\u00e9n pasado en un bar de la comuna de \u00d1u\u00f1oa, cerca de 80 hinchas se dieron cita para poder compartir junto a jugadores que lograron aquella ansiada copa luego de 25 a\u00f1os.<\/strong><\/p>\n<p><!--more-->Rodrigo Golberg, Sergio Vargas, Patricio Mardones, Luis Abarca, Luis Musrri y Cristi\u00e1n Casta\u00f1eda, fueron quienes pudieron acudir a la invitaci\u00f3n de un grupo de hinchas que trabaj\u00f3 desde el mes de septiembre para poder hacer esta cena.<\/p>\n<p>Quiz\u00e1s uno de los momentos m\u00e1s emotivos de la noche se dio cuando por la puerta del bar entr\u00f3 Mariano Puyol, fue la gran sorpresa, ya que ni invitados, ni jugadores sab\u00edan que este hist\u00f3rico azul asistir\u00eda. Reflejo de la admiraci\u00f3n que genera fueron las palabras de Luis Musrri: \u201c<strong>Yo no deber\u00eda haber sido el capit\u00e1n ese a\u00f1o, lo debi\u00f3 ser Mariano\u201d<\/strong>.<\/p>\n<p>Quienes tambi\u00e9n tuvieron el agrado de asistir a esta cena\u00a0 fueron Juan Fuentes, ex coordinador de la Corfuch y Pepe Ormaz\u00e1bal, hist\u00f3rico relator de los partidos azules.<\/p>\n<p>La cena comenz\u00f3 con un el himno del club, continuo con un emotivo discurso para dar paso a la cena, luego continuaron las palabras de los jugadores, donde \u201cSuperman\u201d dispar\u00f3 e hizo un llamado a los hinchas a alzar la voz, y finalmente todos los hinchas pudieron fotografiarse con sus \u00eddolos.<\/p>\n","protected":false},"excerpt":{"rendered":"<p>Este martes reci\u00e9n pasado en un bar de la comuna de \u00d1u\u00f1oa, cerca de 80 hinchas se dieron cita para poder compartir junto a jugadores que lograron aquella ansiada copa luego de 25 a\u00f1os.<\/p>\n","protected":false},"author":65,"featured_media":6573,"comment_status":"closed","ping_status":"open","sticky":false,"template":"","format":"standard","meta":{"footnotes":""},"categories":[18],"tags":[454,325,329,157,330],"class_list":{"0":"post-6572","1":"post","2":"type-post","3":"status-publish","4":"format-standard","5":"has-post-thumbnail","7":"category-actualidad","8":"tag-actualidad","9":"tag-la-u-campeon-1994","10":"tag-pato-mardones","11":"tag-portada","12":"tag-superman-vargas"},"_links":{"self":[{"href":"http:\/\/www.rincondelbulla.cl\/portal\/wp-json\/wp\/v2\/posts\/6572","targetHints":{"allow":["GET"]}}],"collection":[{"href":"http:\/\/www.rincondelbulla.cl\/portal\/wp-json\/wp\/v2\/posts"}],"about":[{"href":"http:\/\/www.rincondelbulla.cl\/portal\/wp-json\/wp\/v2\/types\/post"}],"author":[{"embeddable":true,"href":"http:\/\/www.rincondelbulla.cl\/portal\/wp-json\/wp\/v2\/users\/65"}],"replies":[{"embeddable":true,"href":"http:\/\/www.rincondelbulla.cl\/portal\/wp-json\/wp\/v2\/comments?post=6572"}],"version-history":[{"count":5,"href":"http:\/\/www.rincondelbulla.cl\/portal\/wp-json\/wp\/v2\/posts\/6572\/revisions"}],"predecessor-version":[{"id":6581,"href":"http:\/\/www.rincondelbulla.cl\/portal\/wp-json\/wp\/v2\/posts\/6572\/revisions\/6581"}],"wp:featuredmedia":[{"embeddable":true,"href":"http:\/\/www.rincondelbulla.cl\/portal\/wp-json\/wp\/v2\/media\/6573"}],"wp:attachment":[{"href":"http:\/\/www.rincondelbulla.cl\/portal\/wp-json\/wp\/v2\/media?parent=6572"}],"wp:term":[{"taxonomy":"category","embeddable":true,"href":"http:\/\/www.rincondelbulla.cl\/portal\/wp-json\/wp\/v2\/categories?post=6572"},{"taxonomy":"post_tag","embeddable":true,"href":"http:\/\/www.rincondelbulla.cl\/portal\/wp-json\/wp\/v2\/tags?post=6572"}],"curies":[{"name":"wp","href":"https:\/\/api.w.org\/{rel}","templated":true}]}}