{"id":6601,"date":"2014-12-18T20:52:11","date_gmt":"2014-12-18T20:52:11","guid":{"rendered":"http:\/\/www.rincondelbulla.cl\/portal\/?p=6601"},"modified":"2014-12-18T21:06:58","modified_gmt":"2014-12-18T21:06:58","slug":"a-20-anos-del-equipo-magico-seguimos-cantando-somos-somos-los-leones","status":"publish","type":"post","link":"http:\/\/www.rincondelbulla.cl\/portal\/2014\/12\/18\/a-20-anos-del-equipo-magico-seguimos-cantando-somos-somos-los-leones\/","title":{"rendered":"A 20 a\u00f1os del \u00abEquipo M\u00e1gico\u00bb seguimos cantando \u00absomos, somos los leones&#8230;\u00bb"},"content":{"rendered":"<p><a href=\"http:\/\/www.rincondelbulla.cl\/portal\/wp-content\/uploads\/2014\/12\/campeon1994.jpg\"><img loading=\"lazy\" decoding=\"async\" class=\"alignnone size-full wp-image-6539\" src=\"http:\/\/www.rincondelbulla.cl\/portal\/wp-content\/uploads\/2014\/12\/campeon1994.jpg\" alt=\"campeon1994\" width=\"1100\" height=\"700\" srcset=\"http:\/\/www.rincondelbulla.cl\/portal\/wp-content\/uploads\/2014\/12\/campeon1994.jpg 1100w, http:\/\/www.rincondelbulla.cl\/portal\/wp-content\/uploads\/2014\/12\/campeon1994-300x191.jpg 300w, http:\/\/www.rincondelbulla.cl\/portal\/wp-content\/uploads\/2014\/12\/campeon1994-768x489.jpg 768w, http:\/\/www.rincondelbulla.cl\/portal\/wp-content\/uploads\/2014\/12\/campeon1994-696x443.jpg 696w, http:\/\/www.rincondelbulla.cl\/portal\/wp-content\/uploads\/2014\/12\/campeon1994-1068x680.jpg 1068w, http:\/\/www.rincondelbulla.cl\/portal\/wp-content\/uploads\/2014\/12\/campeon1994-660x420.jpg 660w\" sizes=\"auto, (max-width: 1100px) 100vw, 1100px\" \/><\/a><\/p>\n<p><strong>Para aquellos que vivimos ese t\u00edtulo y crecimos sabiendo que la corona significaba el fin a una maldici\u00f3n que hab\u00eda durado 25 a\u00f1os, el recuerdo nos pone la piel de gallina y no dudamos en brindar por aquel logro.<\/strong><!--more--><\/p>\n<p>&nbsp;<\/p>\n<p>&nbsp;<\/p>\n<p><strong>Vargas, Casta\u00f1eda, Fuentes, Delgado, Guevara, Musrri, Mardones, Valencia, Aredes, Iba\u00f1ez y Salas, pueden ser apellidos comunes en muchos lugares del mundo, pero esos once apellidos junto a una docena m\u00e1s cambiaron la historia de los hinchas azules, y si a esos apellidos le ponemos Sergio, Cristian, Ronald, Rogelio, Fabian, Luis, Patricio, Esteban, Raul, Juan Carlos o Marcelo comenzamos a so\u00f1ar y a recordar ese hermoso a\u00f1o 1994, cuando despu\u00e9s de 25 a\u00f1os el \u201cRom\u00e1ntico Viajero\u201d volv\u00eda a levantar la copa y se campe\u00f3n del torneo nacional<\/strong>. En esos tiempos los hinchas azules sab\u00edamos que perfectamente pod\u00edamos ir ganando un partido, y por un mal cobro de un \u00e1rbitro o por falta de experiencia sal\u00edamos de la cancha como perdedores, pero al domingo siguiente estar\u00edamos nuevamente alentando a nuestro equipo. Ten\u00eda tan solo ocho a\u00f1os cuando junto a mi padre y mi hermano recorrimos los estadios siguiendo a la \u201cU\u201d en segunda divisi\u00f3n, no nos importaban las burlas de familiares, compa\u00f1eros de colegios o amigos y segu\u00edamos cantando \u201cSomos, somos los leones de la U\u2026\u201d. No nos import\u00f3 \u00a0que la contra se alzara como campe\u00f3n de la copa libertadores mientras nosotros jugaramos la liguilla de promoci\u00f3n, segu\u00edamos cantando \u201cSomos, somos los leones de la u\u201d. Hasta que en 1994 ese equipo m\u00e1gico cambi\u00f3 el canto y partido a partido fue creciendo las ganas de ser campeones, de levantar esa copa luego de esa noche que no solo se apodero de nuestro equipo, tambi\u00e9n lo hizo en todo nuestro pa\u00eds, con excepci\u00f3n de los incoloros que se vieron favorecidos.<\/p>\n<p><strong><strong>\u00a0<\/strong><\/strong><\/p>\n<p>Era un d\u00eda como hoy pero veinte a\u00f1os atr\u00e1s, y en el patio de la casa el televisor hab\u00eda desplazado a la familia, y a la comida. Necesit\u00e1bamos escuchar ese \u201cgrito en el desierto\u201d aqu\u00ed en plena ciudad de Santiago. Hac\u00eda un calor veraniego, \u00a0\u201cmiltonteras\u201d y compa\u00f1\u00eda comandaban la transmisi\u00f3n desde el salvador. El equipo se notaba nervioso y en el minuto seis o siete del segundo tiempo, en un corner donde el superman choc\u00f3 con scooby, cabece\u00f3 la pelota el \u201cFito\u201d Adolfo Ovalle y la pelota entr\u00f3 al arco azul, por lo que significaba un partido a definici\u00f3n con los cruzados. Los hinchas azules sab\u00edamos que con la suerte que andabamos trayendo en los \u00faltimos 25 a\u00f1os, ese partido lo perder\u00edamos por razones extrafutbolisticas y la copa nuevamente la ver\u00edamos desde lejos. Durante los siguientes 26 minutos mi cerebro se dividi\u00f3 en dos, uno concentrado en el desarrollo del partido, mientras la otra parte de mi cerebro recordaba la campa\u00f1a del \u201cEquipo M\u00e1gico\u201d, y aqu\u00ed me voy a detener. Record\u00e9 el 3-1 a los incoloros en el nacional, ese 5-2 a los panaderos en emocionante partido en el nacional. Tambi\u00e9n se me cruz\u00f3 por la mente ese amargo empate a cero con cobreloa en el nacional y que de haber ganado ya hubieramos sido campeones la fecha anterior, acto seguido record\u00e9 el 4-2 a Cobreloa en Calama. Por \u00faltimo se vino a mi memoria de ese gol del \u201cMatador\u201d a las monjas y que hasta el d\u00eda de hoy lloran. Volvamos al salvador, la pelota pasaba rozando los palos, el matador se perd\u00eda goles que en otros partidos los mandaba a las mallas, hasta que en un centro del \u00f1ato Jara al \u201cMatador\u201d que choc\u00f3 con Juan Rivera e Imperatore no dudo en cobrar la pena m\u00e1xima. Ah\u00ed el gran \u201cPato\u201d Mardones se par\u00f3 frente al bal\u00f3n, con todo un pa\u00eds atento a la jugada, le pego fuerte al medio y el \u201cgrito del desierto\u201d se escuch\u00f3 en Chile entero.<\/p>\n<p><strong><strong>\u00a0<\/strong><\/strong><\/p>\n<p><strong>Sin dudas que ser azul es mucho m\u00e1s que ese titulo de 1994, o la sudamericana del 2011, ser azul es ir al estadio en las buenas y en las malas, con lluvia y con sol. A\u00fan recuerdo el primer partido que me llev\u00f3 mi padre, fue un desastre, la \u201cU\u201d perdi\u00f3 5-0 con Cobreloa y pese a aquello fuimos al siguiente partido. Ser de la \u201cU\u201d es celebrar el triunfo, acompa\u00f1ar en el empate y cantar m\u00e1s fuerte en la derrota, \u201cSomos, somos los leones de la U\u2026.\u201d.<\/strong><\/p>\n<p>&nbsp;<\/p>\n<p>&nbsp;<\/p>\n","protected":false},"excerpt":{"rendered":"<p>Para aquellos que vivimos ese t\u00edtulo y crecimos sabiendo que la corona significaba el fin a una maldici\u00f3n que hab\u00eda durado 25 a\u00f1os, el recuerdo nos pone la piel de gallina y no dudamos en brindar por aquel logro.<\/p>\n","protected":false},"author":21381,"featured_media":6539,"comment_status":"closed","ping_status":"open","sticky":false,"template":"","format":"standard","meta":{"footnotes":""},"categories":[18],"tags":[328,325,157],"class_list":{"0":"post-6601","1":"post","2":"type-post","3":"status-publish","4":"format-standard","5":"has-post-thumbnail","7":"category-actualidad","8":"tag-328","9":"tag-la-u-campeon-1994","10":"tag-portada"},"_links":{"self":[{"href":"http:\/\/www.rincondelbulla.cl\/portal\/wp-json\/wp\/v2\/posts\/6601","targetHints":{"allow":["GET"]}}],"collection":[{"href":"http:\/\/www.rincondelbulla.cl\/portal\/wp-json\/wp\/v2\/posts"}],"about":[{"href":"http:\/\/www.rincondelbulla.cl\/portal\/wp-json\/wp\/v2\/types\/post"}],"author":[{"embeddable":true,"href":"http:\/\/www.rincondelbulla.cl\/portal\/wp-json\/wp\/v2\/users\/21381"}],"replies":[{"embeddable":true,"href":"http:\/\/www.rincondelbulla.cl\/portal\/wp-json\/wp\/v2\/comments?post=6601"}],"version-history":[{"count":4,"href":"http:\/\/www.rincondelbulla.cl\/portal\/wp-json\/wp\/v2\/posts\/6601\/revisions"}],"predecessor-version":[{"id":6605,"href":"http:\/\/www.rincondelbulla.cl\/portal\/wp-json\/wp\/v2\/posts\/6601\/revisions\/6605"}],"wp:featuredmedia":[{"embeddable":true,"href":"http:\/\/www.rincondelbulla.cl\/portal\/wp-json\/wp\/v2\/media\/6539"}],"wp:attachment":[{"href":"http:\/\/www.rincondelbulla.cl\/portal\/wp-json\/wp\/v2\/media?parent=6601"}],"wp:term":[{"taxonomy":"category","embeddable":true,"href":"http:\/\/www.rincondelbulla.cl\/portal\/wp-json\/wp\/v2\/categories?post=6601"},{"taxonomy":"post_tag","embeddable":true,"href":"http:\/\/www.rincondelbulla.cl\/portal\/wp-json\/wp\/v2\/tags?post=6601"}],"curies":[{"name":"wp","href":"https:\/\/api.w.org\/{rel}","templated":true}]}}