{"id":6607,"date":"2014-12-19T16:42:53","date_gmt":"2014-12-19T16:42:53","guid":{"rendered":"http:\/\/www.rincondelbulla.cl\/portal\/?p=6607"},"modified":"2014-12-19T16:42:53","modified_gmt":"2014-12-19T16:42:53","slug":"fernando-de-paul-suena-fuerte-para-reemplazar-a-luis-marin","status":"publish","type":"post","link":"http:\/\/www.rincondelbulla.cl\/portal\/2014\/12\/19\/fernando-de-paul-suena-fuerte-para-reemplazar-a-luis-marin\/","title":{"rendered":"Fernando de Paul suena fuerte para reemplazar a Luis Mar\u00edn"},"content":{"rendered":"<figure id=\"attachment_6611\" aria-describedby=\"caption-attachment-6611\" style=\"width: 1100px\" class=\"wp-caption alignnone\"><a href=\"http:\/\/www.rincondelbulla.cl\/portal\/wp-content\/uploads\/2014\/12\/luis_marin.jpg\"><img loading=\"lazy\" decoding=\"async\" class=\"wp-image-6611 size-full\" src=\"http:\/\/www.rincondelbulla.cl\/portal\/wp-content\/uploads\/2014\/12\/luis_marin.jpg\" alt=\"\" width=\"1100\" height=\"700\" srcset=\"http:\/\/www.rincondelbulla.cl\/portal\/wp-content\/uploads\/2014\/12\/luis_marin.jpg 1100w, http:\/\/www.rincondelbulla.cl\/portal\/wp-content\/uploads\/2014\/12\/luis_marin-300x191.jpg 300w, http:\/\/www.rincondelbulla.cl\/portal\/wp-content\/uploads\/2014\/12\/luis_marin-768x489.jpg 768w, http:\/\/www.rincondelbulla.cl\/portal\/wp-content\/uploads\/2014\/12\/luis_marin-696x443.jpg 696w, http:\/\/www.rincondelbulla.cl\/portal\/wp-content\/uploads\/2014\/12\/luis_marin-1068x680.jpg 1068w, http:\/\/www.rincondelbulla.cl\/portal\/wp-content\/uploads\/2014\/12\/luis_marin-660x420.jpg 660w\" sizes=\"auto, (max-width: 1100px) 100vw, 1100px\" \/><\/a><figcaption id=\"caption-attachment-6611\" class=\"wp-caption-text\">El pasado jueves se oficializ\u00f3 el fichaje de Mar\u00edn en el Sporting Kansas City &#8211; Foto: Agencia Uno<\/figcaption><\/figure>\n<p><strong>Desde la partida a la MLS de Luis Mar\u00edn, el reemplazo de la vacante de arquero suplente se ha vuelto un dolor de cabeza para la dirigencia azul. Han sonado algunos nombres, pero hoy por hoy los que m\u00e1s seguramente podr\u00edan recalar en la U ser\u00edan dos.<\/strong><\/p>\n<p><!--more--><\/p>\n<p>Se trata del segundo arquero de Santiago Wanderers, <strong>Gabriel Castell\u00f3n<\/strong>; y del portero de San Luis de Quillota, <strong>Fernando de Paul<\/strong>. El primero son\u00f3 fuerte en la semana, tras darse a conocer su desvinculaci\u00f3n del equipo de Valpara\u00edso.<\/p>\n<p>Incluso el arquero de 21 a\u00f1os se mostr\u00f3 optimista ante la posibilidad de jugar con la azul, declarando que \u00ab<strong>ser\u00eda un gran salto en mi carrera jugar en Universidad de Chile. Adem\u00e1s, estar al lado de Johnny me permitir\u00eda adquirir una mayor experiencia<\/strong>\u00ab.<\/p>\n<p>Sin embargo, seg\u00fan informan algunos medios la llegada de Castell\u00f3n podr\u00eda verse mermada por las intenciones de Azul Azul, que solo quiere un pr\u00e9stamo de seis meses.<\/p>\n<p>Ante esto, uno que empieza a sonar fuerte para suplir la vacante de arquero dejada por Mar\u00edn, es Fernando de Paul. El argentino de 23 a\u00f1os ha tenido una buena temporada en <strong>San Luis<\/strong> y al parecer tendr\u00eda la aprobaci\u00f3n del DT Mart\u00edn Lasarte. Con respecto a su nacionalidad, de Paul no ser\u00eda un problema, ya que est\u00e1 a d\u00edas de recibir la nacionalidad chilena. Esto abrir\u00eda a\u00fan m\u00e1s las posibilidades de llegar al rom\u00e1ntico viajero.<\/p>\n<p>As\u00ed comienza a armarse una nueva versi\u00f3n del plantel campe\u00f3n de Universidad de Chile de cara a esta nueva temporada.<\/p>\n","protected":false},"excerpt":{"rendered":"<p>Desde la partida a la MLS de Luis Mar\u00edn, el reemplazo de la vacante de arquero suplente se ha vuelto un dolor de cabeza para la dirigencia azul. Han sonado algunos nombres, pero hoy por hoy los que m\u00e1s seguramente podr\u00edan recalar en la U ser\u00edan dos.<\/p>\n","protected":false},"author":21383,"featured_media":6611,"comment_status":"closed","ping_status":"open","sticky":false,"template":"","format":"standard","meta":{"footnotes":""},"categories":[18],"tags":[454,208,275],"class_list":{"0":"post-6607","1":"post","2":"type-post","3":"status-publish","4":"format-standard","5":"has-post-thumbnail","7":"category-actualidad","8":"tag-actualidad","9":"tag-luis-marin","10":"tag-movidas-2015"},"_links":{"self":[{"href":"http:\/\/www.rincondelbulla.cl\/portal\/wp-json\/wp\/v2\/posts\/6607","targetHints":{"allow":["GET"]}}],"collection":[{"href":"http:\/\/www.rincondelbulla.cl\/portal\/wp-json\/wp\/v2\/posts"}],"about":[{"href":"http:\/\/www.rincondelbulla.cl\/portal\/wp-json\/wp\/v2\/types\/post"}],"author":[{"embeddable":true,"href":"http:\/\/www.rincondelbulla.cl\/portal\/wp-json\/wp\/v2\/users\/21383"}],"replies":[{"embeddable":true,"href":"http:\/\/www.rincondelbulla.cl\/portal\/wp-json\/wp\/v2\/comments?post=6607"}],"version-history":[{"count":4,"href":"http:\/\/www.rincondelbulla.cl\/portal\/wp-json\/wp\/v2\/posts\/6607\/revisions"}],"predecessor-version":[{"id":6612,"href":"http:\/\/www.rincondelbulla.cl\/portal\/wp-json\/wp\/v2\/posts\/6607\/revisions\/6612"}],"wp:featuredmedia":[{"embeddable":true,"href":"http:\/\/www.rincondelbulla.cl\/portal\/wp-json\/wp\/v2\/media\/6611"}],"wp:attachment":[{"href":"http:\/\/www.rincondelbulla.cl\/portal\/wp-json\/wp\/v2\/media?parent=6607"}],"wp:term":[{"taxonomy":"category","embeddable":true,"href":"http:\/\/www.rincondelbulla.cl\/portal\/wp-json\/wp\/v2\/categories?post=6607"},{"taxonomy":"post_tag","embeddable":true,"href":"http:\/\/www.rincondelbulla.cl\/portal\/wp-json\/wp\/v2\/tags?post=6607"}],"curies":[{"name":"wp","href":"https:\/\/api.w.org\/{rel}","templated":true}]}}