{"id":6620,"date":"2014-12-21T02:41:58","date_gmt":"2014-12-21T02:41:58","guid":{"rendered":"http:\/\/www.rincondelbulla.cl\/portal\/?p=6620"},"modified":"2014-12-21T02:42:45","modified_gmt":"2014-12-21T02:42:45","slug":"el-campeon-volvio-a-los-entrenamientos","status":"publish","type":"post","link":"http:\/\/www.rincondelbulla.cl\/portal\/2014\/12\/21\/el-campeon-volvio-a-los-entrenamientos\/","title":{"rendered":"El Campe\u00f3n volvi\u00f3 a los entrenamientos"},"content":{"rendered":"<figure id=\"attachment_5593\" aria-describedby=\"caption-attachment-5593\" style=\"width: 1100px\" class=\"wp-caption alignnone\"><a href=\"http:\/\/www.rincondelbulla.cl\/portal\/wp-content\/uploads\/2014\/09\/entrenamiento.jpg\"><img loading=\"lazy\" decoding=\"async\" class=\"size-full wp-image-5593\" src=\"http:\/\/www.rincondelbulla.cl\/portal\/wp-content\/uploads\/2014\/09\/entrenamiento.jpg\" alt=\"El plantel volvi\u00f3 a los trabajos  a la espera de nuevas incorporaciones. Foto: Claudio C\u00e1ceres\" width=\"1100\" height=\"700\" srcset=\"http:\/\/www.rincondelbulla.cl\/portal\/wp-content\/uploads\/2014\/09\/entrenamiento.jpg 1100w, http:\/\/www.rincondelbulla.cl\/portal\/wp-content\/uploads\/2014\/09\/entrenamiento-300x191.jpg 300w, http:\/\/www.rincondelbulla.cl\/portal\/wp-content\/uploads\/2014\/09\/entrenamiento-768x489.jpg 768w, http:\/\/www.rincondelbulla.cl\/portal\/wp-content\/uploads\/2014\/09\/entrenamiento-696x443.jpg 696w, http:\/\/www.rincondelbulla.cl\/portal\/wp-content\/uploads\/2014\/09\/entrenamiento-1068x680.jpg 1068w, http:\/\/www.rincondelbulla.cl\/portal\/wp-content\/uploads\/2014\/09\/entrenamiento-660x420.jpg 660w\" sizes=\"auto, (max-width: 1100px) 100vw, 1100px\" \/><\/a><figcaption id=\"caption-attachment-5593\" class=\"wp-caption-text\">El plantel volvi\u00f3 a los trabajos a la espera de nuevas incorporaciones. Foto: Claudio C\u00e1ceres<\/figcaption><\/figure>\n<p><strong>El Clausura 2014-2015 y la Copa Libertadores son los objetivos inmediatos de los dirigidos de Mart\u00edn Lasarte.<\/strong><!--more--><\/p>\n<p>Este s\u00e1bado el plantel campe\u00f3n de Universidad de Chile retom\u00f3 los entrenamientos en el Centro Deportivo Azul. Sin muchas caras nuevas, el plantel se puso bajo las \u00f3rdenes del t\u00e9cnico Mart\u00edn Lasarte para planificar los desaf\u00edos que tendr\u00e1 la \u201cU\u201d en el corto plazo: intentar el bicampeonato en el Clausura 201-2015 y la Copa Libertadores 2015.<\/p>\n<p>La principal cara nueva en el CDA fue Leandro Benegas, quien esta semana defini\u00f3 su incorporaci\u00f3n a los azules. Roberto Cereceda, quien termin\u00f3 su pr\u00e9stamo en el Figueirense brasile\u00f1o, es la otra novedad en el equipo.<\/p>\n<p>Uno que se despidi\u00f3 hoy fue el portero Luis Mar\u00edn, quien emigra para integrarse al Sporting Kansas City de la MLS de Estados Unidos.<\/p>\n<p><strong>OPTIMISMO DEL PLANTEL DE CARA AL 2015<\/strong><\/p>\n<p>Una vez finalizado el primer entrenamiento, algunos jugadores se refirieron a vuelta de los trabajos. Sebasti\u00e1n Ubilla\u00a0 asegur\u00f3 que para todos el objetivo es <strong>\u00abel bicampeonato y hacer una buena Libertadores\u00bb<\/strong>. El delantero tambi\u00e9n tuvo palabras para la llegada de Benegas, a quien calific\u00f3 de <strong>\u201cun jugadorazo\u00bb<\/strong>.<\/p>\n<p>Otro que habl\u00f3 fue Cristian Su\u00e1rez, quien dijo que <strong>\u00abser\u00e1 lindo jugar la Copa Libertadores con la \u201cU\u201d, y hay que mentalizarse en lo que viene\u00bb<\/strong>. Sobre la vuelta de Cereceda, el defensor agreg\u00f3 que es una buena alternativa, ya que <strong>\u201ces un jugador que conoce el club. Ser\u00e1 una sana competencia en la defensa\u00bb<\/strong>.<\/p>\n","protected":false},"excerpt":{"rendered":"<p>El Clausura 2014-2015 y la Copa Libertadores son los objetivos inmediatos de los dirigidos de Mart\u00edn Lasarte.<\/p>\n","protected":false},"author":21382,"featured_media":5593,"comment_status":"closed","ping_status":"open","sticky":false,"template":"","format":"standard","meta":{"footnotes":""},"categories":[18],"tags":[454,333,320,287,319,157,118,156],"class_list":{"0":"post-6620","1":"post","2":"type-post","3":"status-publish","4":"format-standard","5":"has-post-thumbnail","7":"category-actualidad","8":"tag-actualidad","9":"tag-clausura-2014-2015","10":"tag-copa-libertadores-2015","11":"tag-cristian-suarez","12":"tag-leandro-benegas","13":"tag-portada","14":"tag-sebastian-ubilla","15":"tag-universidad-de-chile"},"_links":{"self":[{"href":"http:\/\/www.rincondelbulla.cl\/portal\/wp-json\/wp\/v2\/posts\/6620","targetHints":{"allow":["GET"]}}],"collection":[{"href":"http:\/\/www.rincondelbulla.cl\/portal\/wp-json\/wp\/v2\/posts"}],"about":[{"href":"http:\/\/www.rincondelbulla.cl\/portal\/wp-json\/wp\/v2\/types\/post"}],"author":[{"embeddable":true,"href":"http:\/\/www.rincondelbulla.cl\/portal\/wp-json\/wp\/v2\/users\/21382"}],"replies":[{"embeddable":true,"href":"http:\/\/www.rincondelbulla.cl\/portal\/wp-json\/wp\/v2\/comments?post=6620"}],"version-history":[{"count":1,"href":"http:\/\/www.rincondelbulla.cl\/portal\/wp-json\/wp\/v2\/posts\/6620\/revisions"}],"predecessor-version":[{"id":6621,"href":"http:\/\/www.rincondelbulla.cl\/portal\/wp-json\/wp\/v2\/posts\/6620\/revisions\/6621"}],"wp:featuredmedia":[{"embeddable":true,"href":"http:\/\/www.rincondelbulla.cl\/portal\/wp-json\/wp\/v2\/media\/5593"}],"wp:attachment":[{"href":"http:\/\/www.rincondelbulla.cl\/portal\/wp-json\/wp\/v2\/media?parent=6620"}],"wp:term":[{"taxonomy":"category","embeddable":true,"href":"http:\/\/www.rincondelbulla.cl\/portal\/wp-json\/wp\/v2\/categories?post=6620"},{"taxonomy":"post_tag","embeddable":true,"href":"http:\/\/www.rincondelbulla.cl\/portal\/wp-json\/wp\/v2\/tags?post=6620"}],"curies":[{"name":"wp","href":"https:\/\/api.w.org\/{rel}","templated":true}]}}