{"id":6678,"date":"2015-01-05T23:02:16","date_gmt":"2015-01-05T23:02:16","guid":{"rendered":"http:\/\/www.rincondelbulla.cl\/portal\/?p=6678"},"modified":"2015-01-05T23:02:16","modified_gmt":"2015-01-05T23:02:16","slug":"benegas-analizo-el-debut-aparecio-el-empate-porque-hicimos-mucho-mas-para-lograr-la-victoria","status":"publish","type":"post","link":"http:\/\/www.rincondelbulla.cl\/portal\/2015\/01\/05\/benegas-analizo-el-debut-aparecio-el-empate-porque-hicimos-mucho-mas-para-lograr-la-victoria\/","title":{"rendered":"Benegas analiz\u00f3 el debut: \u00abApareci\u00f3 el empate porque hicimos mucho m\u00e1s para lograr la victoria\u00bb"},"content":{"rendered":"<figure id=\"attachment_6590\" aria-describedby=\"caption-attachment-6590\" style=\"width: 1100px\" class=\"wp-caption alignnone\"><a href=\"http:\/\/www.rincondelbulla.cl\/portal\/wp-content\/uploads\/2014\/12\/leandro_benegas2.jpg\"><img loading=\"lazy\" decoding=\"async\" class=\"size-full wp-image-6590\" src=\"http:\/\/www.rincondelbulla.cl\/portal\/wp-content\/uploads\/2014\/12\/leandro_benegas2.jpg\" alt=\"El delantero analiz\u00f3 el debut del equipo y el personal ante Cobresal - Foto: Felipe Inostroza\" width=\"1100\" height=\"700\" srcset=\"http:\/\/www.rincondelbulla.cl\/portal\/wp-content\/uploads\/2014\/12\/leandro_benegas2.jpg 1100w, http:\/\/www.rincondelbulla.cl\/portal\/wp-content\/uploads\/2014\/12\/leandro_benegas2-300x191.jpg 300w, http:\/\/www.rincondelbulla.cl\/portal\/wp-content\/uploads\/2014\/12\/leandro_benegas2-768x489.jpg 768w, http:\/\/www.rincondelbulla.cl\/portal\/wp-content\/uploads\/2014\/12\/leandro_benegas2-696x443.jpg 696w, http:\/\/www.rincondelbulla.cl\/portal\/wp-content\/uploads\/2014\/12\/leandro_benegas2-1068x680.jpg 1068w, http:\/\/www.rincondelbulla.cl\/portal\/wp-content\/uploads\/2014\/12\/leandro_benegas2-660x420.jpg 660w\" sizes=\"auto, (max-width: 1100px) 100vw, 1100px\" \/><\/a><figcaption id=\"caption-attachment-6590\" class=\"wp-caption-text\">El delantero analiz\u00f3 el debut del equipo y el personal ante Cobresal &#8211; Foto: Felipe Inostroza<\/figcaption><\/figure>\n<p><strong>El argentino asegur\u00f3 que la \u00abU\u00bb hizo m\u00e1s por quedarse con la victoria en El Salvador. Sobre su rendimiento, asegur\u00f3 haber quedado con bronca por no haber aprovechado una oportunidad de gol, pero que sabe que rendir\u00e1 m\u00e1s en este equipo.<\/strong><!--more--><\/p>\n<p style=\"text-align: justify;line-height: 16.45pt;background: white;margin: 0cm 5.25pt 15.0pt 0cm\"><span style=\"font-family: 'Arial','sans-serif';color: #333333\">Tras el empate de este s\u00e1bado frente a Cobresal en El Salvador, el plantel de Universidad de Chile volvi\u00f3 a los entrenamientos para preparar el pr\u00f3ximo partido del Clausura 2014-2015, frente a O\u2019Higgins este s\u00e1bado en el Estadio Nacional. Sin embargo, Leandro Venegas fue quien hablo este lunes en el CDA y entreg\u00f3 algunas impresiones que dej\u00f3 el debut del campe\u00f3n en el torneo.<\/span><\/p>\n<p style=\"text-align: justify;line-height: 16.45pt;background: white;margin: 0cm 5.25pt 15.0pt 0cm\"><strong><span style=\"font-family: 'Arial','sans-serif';color: #333333\">\u201cFue un partido complicado, dif\u00edcil<\/span><\/strong><span style=\"font-family: 'Arial','sans-serif';color: #333333\"><strong>. Hab\u00eda poco espacio y la altura lo hizo complicado. (\u2026) <span style=\"font-family: 'Arial','sans-serif'\">Tuvimos muchas opciones de gol pero no concretamos<\/span>. Si hay que hacer un an\u00e1lisis, para ser el primer partido,<span class=\"apple-converted-space\">\u00a0<\/span><span style=\"font-family: 'Arial','sans-serif'\">tuvimos un buen ritmo de f\u00fatbol a pesar de lo complicado que es jugar all\u00e1<\/span>\u201d<\/strong>, indic\u00f3 m\u00e1s en fr\u00edo el delantero.<\/span><\/p>\n<p style=\"text-align: justify;line-height: 16.45pt;background: white;margin: 0cm 5.25pt 15.0pt 0cm\"><span style=\"font-family: 'Arial','sans-serif';color: #333333\">Sobre si el resultado obtenido es considerado como justo por el equipo, Benegas asegur\u00f3 que <strong>\u201cn<span style=\"font-family: 'Arial','sans-serif'\">o merec\u00edamos perder<\/span>. Hicimos todo para ganarlo, pero nos encontramos con un gol en contra y fuimos a buscar con todo.<span class=\"apple-converted-space\">\u00a0<\/span><span style=\"font-family: 'Arial','sans-serif'\">Se cerraron m\u00e1s todav\u00eda y se nos complic\u00f3 un poco m\u00e1s. Apareci\u00f3 el gol y el empate porque hicimos mucho m\u00e1s para lograr la victoria<\/span>\u00ab.<\/strong><\/span><\/p>\n<p style=\"text-align: justify;line-height: 16.45pt;background: white;margin: 0cm 5.25pt 15.0pt 0cm\"><span style=\"font-family: 'Arial','sans-serif';color: #333333\">Consultado por un balance personal de su debut en la \u201cU\u201d, el atacante argentino dijo que qued\u00f3 con bronca porque <strong>\u201c<span style=\"font-family: 'Arial','sans-serif'\">me qued\u00f3 una clara que no pudo ser<\/span>. Dio en el palo y el domingo pens\u00e9 en la jugada todo el d\u00eda.<span class=\"apple-converted-space\">\u00a0\u00a0<\/span><span style=\"font-family: 'Arial','sans-serif'\">Me fui tranquilo, hice lo mejor. S\u00e9 que puedo dar m\u00e1s y voy a andar bien ac\u00e1<\/span>\u00ab.<\/strong><\/span><\/p>\n","protected":false},"excerpt":{"rendered":"<p>El argentino asegur\u00f3 que la \u00abU\u00bb hizo m\u00e1s por quedarse con la victoria en El Salvador. Sobre su rendimiento, asegur\u00f3 haber quedado con bronca por no haber aprovechado una oportunidad de gol, pero que sabe que rendir\u00e1 m\u00e1s en este equipo.<\/p>\n","protected":false},"author":21382,"featured_media":6590,"comment_status":"closed","ping_status":"open","sticky":false,"template":"","format":"standard","meta":{"footnotes":""},"categories":[18],"tags":[454,333,319,157,156],"class_list":{"0":"post-6678","1":"post","2":"type-post","3":"status-publish","4":"format-standard","5":"has-post-thumbnail","7":"category-actualidad","8":"tag-actualidad","9":"tag-clausura-2014-2015","10":"tag-leandro-benegas","11":"tag-portada","12":"tag-universidad-de-chile"},"_links":{"self":[{"href":"http:\/\/www.rincondelbulla.cl\/portal\/wp-json\/wp\/v2\/posts\/6678","targetHints":{"allow":["GET"]}}],"collection":[{"href":"http:\/\/www.rincondelbulla.cl\/portal\/wp-json\/wp\/v2\/posts"}],"about":[{"href":"http:\/\/www.rincondelbulla.cl\/portal\/wp-json\/wp\/v2\/types\/post"}],"author":[{"embeddable":true,"href":"http:\/\/www.rincondelbulla.cl\/portal\/wp-json\/wp\/v2\/users\/21382"}],"replies":[{"embeddable":true,"href":"http:\/\/www.rincondelbulla.cl\/portal\/wp-json\/wp\/v2\/comments?post=6678"}],"version-history":[{"count":1,"href":"http:\/\/www.rincondelbulla.cl\/portal\/wp-json\/wp\/v2\/posts\/6678\/revisions"}],"predecessor-version":[{"id":6679,"href":"http:\/\/www.rincondelbulla.cl\/portal\/wp-json\/wp\/v2\/posts\/6678\/revisions\/6679"}],"wp:featuredmedia":[{"embeddable":true,"href":"http:\/\/www.rincondelbulla.cl\/portal\/wp-json\/wp\/v2\/media\/6590"}],"wp:attachment":[{"href":"http:\/\/www.rincondelbulla.cl\/portal\/wp-json\/wp\/v2\/media?parent=6678"}],"wp:term":[{"taxonomy":"category","embeddable":true,"href":"http:\/\/www.rincondelbulla.cl\/portal\/wp-json\/wp\/v2\/categories?post=6678"},{"taxonomy":"post_tag","embeddable":true,"href":"http:\/\/www.rincondelbulla.cl\/portal\/wp-json\/wp\/v2\/tags?post=6678"}],"curies":[{"name":"wp","href":"https:\/\/api.w.org\/{rel}","templated":true}]}}