{"id":6680,"date":"2015-01-06T17:58:23","date_gmt":"2015-01-06T17:58:23","guid":{"rendered":"http:\/\/www.rincondelbulla.cl\/portal\/?p=6680"},"modified":"2015-01-06T17:58:23","modified_gmt":"2015-01-06T17:58:23","slug":"magalhaes-quiere-ser-una-opcion-para-lasarte","status":"publish","type":"post","link":"http:\/\/www.rincondelbulla.cl\/portal\/2015\/01\/06\/magalhaes-quiere-ser-una-opcion-para-lasarte\/","title":{"rendered":"Magalhaes quiere ser una opci\u00f3n para Lasarte"},"content":{"rendered":"<figure id=\"attachment_5960\" aria-describedby=\"caption-attachment-5960\" style=\"width: 1100px\" class=\"wp-caption aligncenter\"><a href=\"http:\/\/www.rincondelbulla.cl\/portal\/wp-content\/uploads\/2014\/11\/paulo_magalhaes.jpg\"><img loading=\"lazy\" decoding=\"async\" class=\"size-full wp-image-5960\" src=\"http:\/\/www.rincondelbulla.cl\/portal\/wp-content\/uploads\/2014\/11\/paulo_magalhaes.jpg\" alt=\"El lateral quiere retomar el nivel alcanzado con Sampaoli -Foto: Agencia Uno\" width=\"1100\" height=\"700\" srcset=\"http:\/\/www.rincondelbulla.cl\/portal\/wp-content\/uploads\/2014\/11\/paulo_magalhaes.jpg 1100w, http:\/\/www.rincondelbulla.cl\/portal\/wp-content\/uploads\/2014\/11\/paulo_magalhaes-300x191.jpg 300w, http:\/\/www.rincondelbulla.cl\/portal\/wp-content\/uploads\/2014\/11\/paulo_magalhaes-768x489.jpg 768w, http:\/\/www.rincondelbulla.cl\/portal\/wp-content\/uploads\/2014\/11\/paulo_magalhaes-696x443.jpg 696w, http:\/\/www.rincondelbulla.cl\/portal\/wp-content\/uploads\/2014\/11\/paulo_magalhaes-1068x680.jpg 1068w, http:\/\/www.rincondelbulla.cl\/portal\/wp-content\/uploads\/2014\/11\/paulo_magalhaes-660x420.jpg 660w\" sizes=\"auto, (max-width: 1100px) 100vw, 1100px\" \/><\/a><figcaption id=\"caption-attachment-5960\" class=\"wp-caption-text\">El lateral quiere retomar el nivel alcanzado con Sampaoli -Foto: Agencia Uno<\/figcaption><\/figure>\n<p class=\"p1\"><strong><span class=\"s1\">Un plantel bastante amplio es el que tiene Universidad de Chile, es por ello que la lucha por la titularidad se ha vuelto exigente.<\/span><\/strong><!--more--><\/p>\n<p class=\"p1\"><span class=\"s1\">Paulo Magalhaes convers\u00f3 con los medios de prensa en el CDA y se refiri\u00f3 al momento que vive el equipo y sobre su continuidad en los azules, el lateral azul sabe que debe seguir trabajando duro para retomar su nivel y ser una opci\u00f3n a utilizar por Mart\u00edn Lasarte.<\/span><\/p>\n<p class=\"p1\"><span class=\"s1\"><strong>\u00abLa idea es seguir aqu\u00ed en la \u00abU\u00bb, pero debo retomar el nivel que mostr\u00e9 cuando estaba Jorge (Sampaoli) para ganarme un puesto\u201d<\/strong>, se\u00f1al\u00f3 Magalahes.<\/span><\/p>\n<p class=\"p1\"><span class=\"s1\">En relaci\u00f3n al momento que vive la U y al comienzo del nuevo torneo el lateral fue claro, <strong>\u201cempezamos todos de cero y ahora peleamos por el objetivo que conseguimos el a\u00f1o pasado. Ahora en el \u00faltimo partido nos toc\u00f3 perder dos puntos importantes\u201d<\/strong>, agreg\u00f3.<\/span><\/p>\n<p class=\"p1\"><strong><span class=\"s1\">CANALES SEGUIR\u00c1 SIENDO BAJA EN LOS AZULES <\/span><\/strong><\/p>\n<p class=\"p1\"><span class=\"s1\">El delantero azul a\u00fan no se recupera de su inflamaci\u00f3n en el tobillo derecho, raz\u00f3n por la cual ha entrenado de manera diferenciada, esta condici\u00f3n se mantendr\u00e1 hasta el viernes. De esta manera<span class=\"Apple-converted-space\">\u00a0 \u00a0 <\/span>\u201cEl M\u00e1gico\u201d quedar\u00eda descartado nuevamente para el partido ante O\u201dHiggins.<\/span><\/p>\n<p class=\"p1\"><span class=\"s1\">Pese a la rebelde lesi\u00f3n de Canales, en la directiva de Universidad de Chile ya se trabaja para extender el contrato del delantero, que en la actualidad tiene pactada su continuidad hasta mitad de 2016 con los azules.<\/span><\/p>\n<p class=\"p1\"><span class=\"s1\">Magalhaes no est\u00e1 ajeno a las lesiones que sufre el equipo azul y consultado sobre las dificultades f\u00edsicas de Canales y Sebasti\u00e1n Ubilla, el lateral de los azules se\u00f1al\u00f3,<strong> \u201cson piezas fundamental en el equipo, as\u00ed que esperamos que se puedan recuperar pronto y que puedan estar luego en la cancha con nosotros\u201d.<\/strong><\/span><\/p>\n","protected":false},"excerpt":{"rendered":"<p>Un plantel bastante amplio es el que tiene Universidad de Chile, es por ello que la lucha por la titularidad se ha vuelto exigente.<\/p>\n","protected":false},"author":56,"featured_media":5960,"comment_status":"closed","ping_status":"open","sticky":false,"template":"","format":"standard","meta":{"footnotes":""},"categories":[18],"tags":[454,338,344,157,345],"class_list":{"0":"post-6680","1":"post","2":"type-post","3":"status-publish","4":"format-standard","5":"has-post-thumbnail","7":"category-actualidad","8":"tag-actualidad","9":"tag-clausura-2015","10":"tag-magalhaes","11":"tag-portada","12":"tag-unoversidad-de-chile"},"_links":{"self":[{"href":"http:\/\/www.rincondelbulla.cl\/portal\/wp-json\/wp\/v2\/posts\/6680","targetHints":{"allow":["GET"]}}],"collection":[{"href":"http:\/\/www.rincondelbulla.cl\/portal\/wp-json\/wp\/v2\/posts"}],"about":[{"href":"http:\/\/www.rincondelbulla.cl\/portal\/wp-json\/wp\/v2\/types\/post"}],"author":[{"embeddable":true,"href":"http:\/\/www.rincondelbulla.cl\/portal\/wp-json\/wp\/v2\/users\/56"}],"replies":[{"embeddable":true,"href":"http:\/\/www.rincondelbulla.cl\/portal\/wp-json\/wp\/v2\/comments?post=6680"}],"version-history":[{"count":1,"href":"http:\/\/www.rincondelbulla.cl\/portal\/wp-json\/wp\/v2\/posts\/6680\/revisions"}],"predecessor-version":[{"id":6681,"href":"http:\/\/www.rincondelbulla.cl\/portal\/wp-json\/wp\/v2\/posts\/6680\/revisions\/6681"}],"wp:featuredmedia":[{"embeddable":true,"href":"http:\/\/www.rincondelbulla.cl\/portal\/wp-json\/wp\/v2\/media\/5960"}],"wp:attachment":[{"href":"http:\/\/www.rincondelbulla.cl\/portal\/wp-json\/wp\/v2\/media?parent=6680"}],"wp:term":[{"taxonomy":"category","embeddable":true,"href":"http:\/\/www.rincondelbulla.cl\/portal\/wp-json\/wp\/v2\/categories?post=6680"},{"taxonomy":"post_tag","embeddable":true,"href":"http:\/\/www.rincondelbulla.cl\/portal\/wp-json\/wp\/v2\/tags?post=6680"}],"curies":[{"name":"wp","href":"https:\/\/api.w.org\/{rel}","templated":true}]}}