{"id":6793,"date":"2015-01-19T19:18:30","date_gmt":"2015-01-19T19:18:30","guid":{"rendered":"http:\/\/www.rincondelbulla.cl\/portal\/?p=6793"},"modified":"2015-01-19T19:34:11","modified_gmt":"2015-01-19T19:34:11","slug":"sebastian-ubilla-reaparecerian-en-el-duelo-con-antofagasta","status":"publish","type":"post","link":"http:\/\/www.rincondelbulla.cl\/portal\/2015\/01\/19\/sebastian-ubilla-reaparecerian-en-el-duelo-con-antofagasta\/","title":{"rendered":"Sebasti\u00e1n Ubilla reaparecer\u00eda en el duelo con Antofagasta"},"content":{"rendered":"<figure id=\"attachment_5650\" aria-describedby=\"caption-attachment-5650\" style=\"width: 1100px\" class=\"wp-caption aligncenter\"><a href=\"http:\/\/www.rincondelbulla.cl\/portal\/wp-content\/uploads\/2014\/09\/ubilla3.jpg\"><img loading=\"lazy\" decoding=\"async\" class=\"size-full wp-image-5650\" src=\"http:\/\/www.rincondelbulla.cl\/portal\/wp-content\/uploads\/2014\/09\/ubilla3.jpg\" alt=\"Ubilla reaparecer\u00edan la pr\u00f3xima fecha - Foto:Patrico Gonz\u00e1lez\" width=\"1100\" height=\"700\" srcset=\"http:\/\/www.rincondelbulla.cl\/portal\/wp-content\/uploads\/2014\/09\/ubilla3.jpg 1100w, http:\/\/www.rincondelbulla.cl\/portal\/wp-content\/uploads\/2014\/09\/ubilla3-300x191.jpg 300w, http:\/\/www.rincondelbulla.cl\/portal\/wp-content\/uploads\/2014\/09\/ubilla3-768x489.jpg 768w, http:\/\/www.rincondelbulla.cl\/portal\/wp-content\/uploads\/2014\/09\/ubilla3-696x443.jpg 696w, http:\/\/www.rincondelbulla.cl\/portal\/wp-content\/uploads\/2014\/09\/ubilla3-1068x680.jpg 1068w, http:\/\/www.rincondelbulla.cl\/portal\/wp-content\/uploads\/2014\/09\/ubilla3-660x420.jpg 660w\" sizes=\"auto, (max-width: 1100px) 100vw, 1100px\" \/><\/a><figcaption id=\"caption-attachment-5650\" class=\"wp-caption-text\">Ubilla reaparecer\u00edan la pr\u00f3xima fecha &#8211; Foto:Patrico Gonz\u00e1lez<\/figcaption><\/figure>\n<p>&nbsp;<\/p>\n<p class=\"p1\"><span class=\"s1\">El delantero convers\u00f3 con un medio radial y dio a conocer que se siente motivado con la idea de volver a jugar, El Conejo ser\u00eda considerado en la oncena titular para el duelo v\u00e1lido por la 4\u00ba fecha del Clausura.<\/span><!--more--><\/p>\n<p class=\"p1\">Sebasti\u00e1n Ubilla convers\u00f3 la tarde de este lunes con un medio radial, el delantero azul habl\u00f3 sobre la evoluci\u00f3n que ha tenido su lesi\u00f3n y se mostr\u00f3 esperanzado en recuperar el nivel mostrado la temporada pasada. Ubilla ya habr\u00eda conversado con el cuerpo t\u00e9cnico azul y ser\u00eda considerado en la oncena para enfrentar a Antofagasta en duelo v\u00e1lido por la 4\u00ba fecha, esto tras el receso por el amistoso de la Selecci\u00f3n Chilena ante\u00a0Estados Unidos.<\/p>\n<p class=\"p1\"><span class=\"s1\"><strong>\u201cEsta semana vamos a probar y veremos en la parte f\u00edsica para llegar al pr\u00f3ximo partido . Por lo que habl\u00e9 con el cuerpo m\u00e9dico estar\u00e9 OK para ese duelo, as\u00ed que estoy contento por eso\u201d<\/strong>, se\u00f1al\u00f3 \u201cEl Conejo\u201d.<\/span><\/p>\n<p class=\"p1\"><span class=\"s1\">Sobre el nivel mostrado en la temporada pasada, el delantero fue enf\u00e1tico, <strong>\u201cel semestre pasado fue uno de mis mejores semestres en la U, pero una lesi\u00f3n me dej\u00f3 fuera. A\u00fan me queda por mostrar y explotar, y eso quiero buscar en este campeonato y en la Copa Libertadores\u201d<\/strong>, a\u00f1adi\u00f3 el delantero.<\/span><\/p>\n<p class=\"p1\"><span class=\"s1\">Tambi\u00e9n tuvo palabras para el duelo disputado el fin de semana, donde los azules cayeron ante su ex equipo, Santiago Wanderers, Ubilla se\u00f1al\u00f3 que se dejaron escapar puntos importantes ante un buen equipo, que de local se hace m\u00e1s fuerte, sin embargo el goleador azul cree que el equipo puede revertir esta situaci\u00f3n, y aclar\u00f3 que ante Deportes Antofagasta, los azules deben quedarse con los tres puntos.<\/span><\/p>\n<p class=\"p1\"><span class=\"s1\">El delantero tuvo palabras para balizar el momento actual del f\u00fatbol chileno, en especial el Torneo de Clausura, <strong>\u201ceste campeonato ser\u00e1 distinto al otro. Hay equipos irregulares en este torneo y habr\u00e1 equipos llamados a pelear el campeonato. U. Cat\u00f3lica ha cambiado mucho con la llegada de Mario Salas y la U. de Concepci\u00f3n est\u00e1 haciendo una gran campa\u00f1a\u201d<\/strong>, se\u00f1al\u00f3.<\/span><\/p>\n<p class=\"p1\"><span class=\"s1\">En este sentido, Ubilla tambi\u00e9n opin\u00f3 sobre el actual momento que viven los de Macul, <strong>\u201ctiene que despertar.Tienen los mismos jugadores y la llegada de un gran jugador como Suazo. No me interesa mucho, mi preocupaci\u00f3n es que tenemos que mejorar nosotros\u201d<\/strong>, a\u00f1adi\u00f3.<\/span><\/p>\n<p class=\"p1\"><span class=\"s1\">Para finalizar, Sebasti\u00e1n Ubilla se refiri\u00f3 a la Selecci\u00f3n Chilena y a su deseo de ser considerado, en alg\u00fan momento, por Jorge Sampaoli, <strong>\u00abuno siempre tiene la ilusi\u00f3n de estar en la selecci\u00f3n, pero no salgo bien de la lesi\u00f3n y es muy dif\u00edcil ser llamado sin estar jugando\u201d<\/strong>.<span class=\"Apple-converted-space\">\u00a0 <\/span><\/span><\/p>\n","protected":false},"excerpt":{"rendered":"<p>&nbsp; El delantero convers\u00f3 con un medio radial y dio a conocer que se siente motivado con la idea de volver a jugar, El Conejo ser\u00eda considerado en la oncena titular para el duelo v\u00e1lido por la 4\u00ba fecha del Clausura.<\/p>\n","protected":false},"author":56,"featured_media":5650,"comment_status":"closed","ping_status":"open","sticky":false,"template":"","format":"standard","meta":{"footnotes":""},"categories":[18],"tags":[454,338,157,228,269,156],"class_list":{"0":"post-6793","1":"post","2":"type-post","3":"status-publish","4":"format-standard","5":"has-post-thumbnail","7":"category-actualidad","8":"tag-actualidad","9":"tag-clausura-2015","10":"tag-portada","11":"tag-rincon-del-bulla","12":"tag-ubilla","13":"tag-universidad-de-chile"},"_links":{"self":[{"href":"http:\/\/www.rincondelbulla.cl\/portal\/wp-json\/wp\/v2\/posts\/6793","targetHints":{"allow":["GET"]}}],"collection":[{"href":"http:\/\/www.rincondelbulla.cl\/portal\/wp-json\/wp\/v2\/posts"}],"about":[{"href":"http:\/\/www.rincondelbulla.cl\/portal\/wp-json\/wp\/v2\/types\/post"}],"author":[{"embeddable":true,"href":"http:\/\/www.rincondelbulla.cl\/portal\/wp-json\/wp\/v2\/users\/56"}],"replies":[{"embeddable":true,"href":"http:\/\/www.rincondelbulla.cl\/portal\/wp-json\/wp\/v2\/comments?post=6793"}],"version-history":[{"count":3,"href":"http:\/\/www.rincondelbulla.cl\/portal\/wp-json\/wp\/v2\/posts\/6793\/revisions"}],"predecessor-version":[{"id":6798,"href":"http:\/\/www.rincondelbulla.cl\/portal\/wp-json\/wp\/v2\/posts\/6793\/revisions\/6798"}],"wp:featuredmedia":[{"embeddable":true,"href":"http:\/\/www.rincondelbulla.cl\/portal\/wp-json\/wp\/v2\/media\/5650"}],"wp:attachment":[{"href":"http:\/\/www.rincondelbulla.cl\/portal\/wp-json\/wp\/v2\/media?parent=6793"}],"wp:term":[{"taxonomy":"category","embeddable":true,"href":"http:\/\/www.rincondelbulla.cl\/portal\/wp-json\/wp\/v2\/categories?post=6793"},{"taxonomy":"post_tag","embeddable":true,"href":"http:\/\/www.rincondelbulla.cl\/portal\/wp-json\/wp\/v2\/tags?post=6793"}],"curies":[{"name":"wp","href":"https:\/\/api.w.org\/{rel}","templated":true}]}}