{"id":6808,"date":"2015-01-21T20:51:10","date_gmt":"2015-01-21T20:51:10","guid":{"rendered":"http:\/\/www.rincondelbulla.cl\/portal\/?p=6808"},"modified":"2015-01-21T20:51:10","modified_gmt":"2015-01-21T20:51:10","slug":"benegas-falta-arreglar-un-par-de-detalles-para-demostrar-lo-que-somos","status":"publish","type":"post","link":"http:\/\/www.rincondelbulla.cl\/portal\/2015\/01\/21\/benegas-falta-arreglar-un-par-de-detalles-para-demostrar-lo-que-somos\/","title":{"rendered":"Benegas: \u00abFalta arreglar un par de detalles para demostrar lo que somos\u201d"},"content":{"rendered":"<figure id=\"attachment_6758\" aria-describedby=\"caption-attachment-6758\" style=\"width: 1100px\" class=\"wp-caption alignnone\"><a href=\"http:\/\/www.rincondelbulla.cl\/portal\/wp-content\/uploads\/2015\/01\/leandro_benegas3.jpg\"><img loading=\"lazy\" decoding=\"async\" class=\"size-full wp-image-6758\" src=\"http:\/\/www.rincondelbulla.cl\/portal\/wp-content\/uploads\/2015\/01\/leandro_benegas3.jpg\" alt=\"Foto: Claudio C\u00e1ceres\" width=\"1100\" height=\"700\" srcset=\"http:\/\/www.rincondelbulla.cl\/portal\/wp-content\/uploads\/2015\/01\/leandro_benegas3.jpg 1100w, http:\/\/www.rincondelbulla.cl\/portal\/wp-content\/uploads\/2015\/01\/leandro_benegas3-300x191.jpg 300w, http:\/\/www.rincondelbulla.cl\/portal\/wp-content\/uploads\/2015\/01\/leandro_benegas3-768x489.jpg 768w, http:\/\/www.rincondelbulla.cl\/portal\/wp-content\/uploads\/2015\/01\/leandro_benegas3-696x443.jpg 696w, http:\/\/www.rincondelbulla.cl\/portal\/wp-content\/uploads\/2015\/01\/leandro_benegas3-1068x680.jpg 1068w, http:\/\/www.rincondelbulla.cl\/portal\/wp-content\/uploads\/2015\/01\/leandro_benegas3-660x420.jpg 660w\" sizes=\"auto, (max-width: 1100px) 100vw, 1100px\" \/><\/a><figcaption id=\"caption-attachment-6758\" class=\"wp-caption-text\">Foto: Claudio C\u00e1ceres<\/figcaption><\/figure>\n<p><strong>Luego del entrenamiento matutino el goleador del equipo enfrent\u00f3 a los medios en la conferencia del CDA, Leandro Benegas reci\u00e9n llegado al club, se mostr\u00f3 conforme por la absoluci\u00f3n de Herrera \u201cAyuda mucho seguir contando con Johnny\u201d.<\/strong><!--more--><\/p>\n<p>El flamante refuerzo azul quien ha jugado en los tres primeros encuentros analiz\u00f3 el presente azul, las situaciones del portero y la sanci\u00f3n recibida por Corujo en la copa libertadores.<\/p>\n<p>Sobre la situaci\u00f3n del portero e \u00eddolo azul dijo \u00abNos pone contentos, Johnny es muy importante para nosotros y seguir contando con \u00e9l en el arco nos ayuda mucho. Estoy contento que haya salido todo bien\u00bb agregando <strong>\u00abEs lo m\u00e1s sensato que Johnny no haya recibido ning\u00fan castigo\u00bb.<\/strong><\/p>\n<p>Ayer nos enteramos de que Corujo no podr\u00e1 jugar las 3 primeras fechas de la libertadores, y el goleador azul siente que \u00abTodos los muchachos que vienen del torneo pasado son muy importantes y a &#8216;Mati&#8217; lo vamos a sentir mucho, porque da mucho por la banda derecha\u00bb.<\/p>\n<p>Con la misma sonrisa analiza el presente azul, <strong>\u00abSiento que hemos jugado buenas tres fechas. Con Cobresal merec\u00edamos m\u00e1s con muchas situaciones de gol. Con O&#8217;Higgins hicimos un partido redondo donde se vio el punto m\u00e1s alto de los tres partidos. El \u00faltimo (Wanderers) tambi\u00e9n buscamos en todo momento el partido. Estas tres fechas el nivel f\u00edsico y futbol\u00edstico ha sido bueno. Falta arreglar un par de detalles para demostrar lo que somos\u201d<\/strong> y agrega que \u00abmi comienzo ha sido bueno, en dos partidos convert\u00ed. Eso ayuda para lo que se viene y para estar en la pelea. Se la hubiese hecho f\u00e1cil al t\u00e9cnico si no hubiera demostrado nada. Estoy para mostrar que puedo pelear por el puesto\u00bb sobre su desempe\u00f1o.<\/p>\n<p>Y para finalizar se muestra autocr\u00edtico respecto a las amonestaciones que lo tienen al borde de la suspensi\u00f3n: \u00ab<strong>Tener tres amarillas en tres fechas es complicado<\/strong>. Soy un jugador que va fuerte a todas, pero nunca para lastimar a un contrario. Me fui el otro d\u00eda enojado en ese sentido, no estoy acostumbrado a eso, quiz\u00e1s son las ganas y la ansiedad. Hay que trabajarlo y a medida que pasen los partidos ir\u00e9 controlando m\u00e1s la ansiedad y as\u00ed demostrar realmente lo que soy\u00bb.<\/p>\n","protected":false},"excerpt":{"rendered":"<p>Luego del entrenamiento matutino el goleador del equipo enfrent\u00f3 a los medios en la conferencia del CDA, Leandro Benegas reci\u00e9n llegado al club, se mostr\u00f3 conforme por la absoluci\u00f3n de Herrera \u201cAyuda mucho seguir contando con Johnny\u201d.<\/p>\n","protected":false},"author":21381,"featured_media":6758,"comment_status":"closed","ping_status":"open","sticky":false,"template":"","format":"standard","meta":{"footnotes":""},"categories":[18],"tags":[209,319],"class_list":{"0":"post-6808","1":"post","2":"type-post","3":"status-publish","4":"format-standard","5":"has-post-thumbnail","7":"category-actualidad","8":"tag-conferencia-de-prensa","9":"tag-leandro-benegas"},"_links":{"self":[{"href":"http:\/\/www.rincondelbulla.cl\/portal\/wp-json\/wp\/v2\/posts\/6808","targetHints":{"allow":["GET"]}}],"collection":[{"href":"http:\/\/www.rincondelbulla.cl\/portal\/wp-json\/wp\/v2\/posts"}],"about":[{"href":"http:\/\/www.rincondelbulla.cl\/portal\/wp-json\/wp\/v2\/types\/post"}],"author":[{"embeddable":true,"href":"http:\/\/www.rincondelbulla.cl\/portal\/wp-json\/wp\/v2\/users\/21381"}],"replies":[{"embeddable":true,"href":"http:\/\/www.rincondelbulla.cl\/portal\/wp-json\/wp\/v2\/comments?post=6808"}],"version-history":[{"count":1,"href":"http:\/\/www.rincondelbulla.cl\/portal\/wp-json\/wp\/v2\/posts\/6808\/revisions"}],"predecessor-version":[{"id":6809,"href":"http:\/\/www.rincondelbulla.cl\/portal\/wp-json\/wp\/v2\/posts\/6808\/revisions\/6809"}],"wp:featuredmedia":[{"embeddable":true,"href":"http:\/\/www.rincondelbulla.cl\/portal\/wp-json\/wp\/v2\/media\/6758"}],"wp:attachment":[{"href":"http:\/\/www.rincondelbulla.cl\/portal\/wp-json\/wp\/v2\/media?parent=6808"}],"wp:term":[{"taxonomy":"category","embeddable":true,"href":"http:\/\/www.rincondelbulla.cl\/portal\/wp-json\/wp\/v2\/categories?post=6808"},{"taxonomy":"post_tag","embeddable":true,"href":"http:\/\/www.rincondelbulla.cl\/portal\/wp-json\/wp\/v2\/tags?post=6808"}],"curies":[{"name":"wp","href":"https:\/\/api.w.org\/{rel}","templated":true}]}}