{"id":6911,"date":"2015-02-11T18:32:41","date_gmt":"2015-02-11T18:32:41","guid":{"rendered":"http:\/\/www.rincondelbulla.cl\/portal\/?p=6911"},"modified":"2015-02-11T18:34:35","modified_gmt":"2015-02-11T18:34:35","slug":"guzman-pereira-los-unicos-culpables-somos-nosotros-y-tenemos-que-mejorar-lo-antes-posible","status":"publish","type":"post","link":"http:\/\/www.rincondelbulla.cl\/portal\/2015\/02\/11\/guzman-pereira-los-unicos-culpables-somos-nosotros-y-tenemos-que-mejorar-lo-antes-posible\/","title":{"rendered":"Guzm\u00e1n Pereira: \u00abLos \u00fanicos culpables somos nosotros y tenemos que mejorar lo antes posible\u00bb"},"content":{"rendered":"<figure id=\"attachment_6753\" aria-describedby=\"caption-attachment-6753\" style=\"width: 1100px\" class=\"wp-caption alignnone\"><a href=\"http:\/\/www.rincondelbulla.cl\/portal\/wp-content\/uploads\/2015\/01\/guzman-pereira4.jpg\"><img loading=\"lazy\" decoding=\"async\" class=\"size-full wp-image-6753\" src=\"http:\/\/www.rincondelbulla.cl\/portal\/wp-content\/uploads\/2015\/01\/guzman-pereira4.jpg\" alt=\"El charr\u00faa fue autocr\u00edtico y reconoce que el irregular presente pasa por los jugadores. Foto: Claudio C\u00e1ceres\" width=\"1100\" height=\"700\" srcset=\"http:\/\/www.rincondelbulla.cl\/portal\/wp-content\/uploads\/2015\/01\/guzman-pereira4.jpg 1100w, http:\/\/www.rincondelbulla.cl\/portal\/wp-content\/uploads\/2015\/01\/guzman-pereira4-300x191.jpg 300w, http:\/\/www.rincondelbulla.cl\/portal\/wp-content\/uploads\/2015\/01\/guzman-pereira4-768x489.jpg 768w, http:\/\/www.rincondelbulla.cl\/portal\/wp-content\/uploads\/2015\/01\/guzman-pereira4-696x443.jpg 696w, http:\/\/www.rincondelbulla.cl\/portal\/wp-content\/uploads\/2015\/01\/guzman-pereira4-1068x680.jpg 1068w, http:\/\/www.rincondelbulla.cl\/portal\/wp-content\/uploads\/2015\/01\/guzman-pereira4-660x420.jpg 660w\" sizes=\"auto, (max-width: 1100px) 100vw, 1100px\" \/><\/a><figcaption id=\"caption-attachment-6753\" class=\"wp-caption-text\">El charr\u00faa fue autocr\u00edtico y reconoce que el irregular presente pasa por los jugadores. Foto: Claudio C\u00e1ceres<\/figcaption><\/figure>\n<p><strong>El mediocampista charr\u00faa enfrent\u00f3 los micr\u00f3fonos y se refiri\u00f3 a la actualidad azul y el pr\u00f3ximo desaf\u00edo: Uni\u00f3n Espa\u00f1ola. Dijo que Benegas est\u00e1 tranquilo tras recibir sanci\u00f3n. Mart\u00edn Lasarte se ausent\u00f3 de la pr\u00e1ctica.<\/strong><!--more--><\/p>\n<p>En la \u201cU\u201d saben que la pasan mal futbol\u00edsticamente y se han propuesto \u201clevantar cabeza\u201d lo antes posible, pensando en el debut en Copa Libertadores 2015 y en el partido de este viernes frente\u00a0 a Uni\u00f3n Espa\u00f1ola por el torneo local.<\/p>\n<p>Guzm\u00e1n Pereira fue autocr\u00edtico a la hora de analizar el presente universitario y asegur\u00f3 que <strong>\u00ablos \u00fanicos culpables somos nosotros y tenemos que mejorar lo antes posible\u00bb<\/strong>. En mediocampista asegur\u00f3 que <strong>\u201carriba estamos cumpliendo. En defensa estamos al debe y hay que mejorar lo antes posible\u201d<\/strong>. Sobre c\u00f3mo llegan al debut frente a Emelec por Copa Libertadores, el uruguayo indic\u00f3 que \u00a0<strong>\u00abjugando como lo hacemos en el medio local no podemos competir. Ojal\u00e1 volvamos a ser la \u201cU\u201d que fuimos\u00bb<\/strong>.<\/p>\n<p>El seleccionado charr\u00faa es de los que no pierden las esperanzas y afirm\u00f3 que si bien ni pasan por un buen presente en el Clausura 2014-2015, <strong>\u201cel campeonato no est\u00e1 lejos. No hay que dar nada por perdido, ni el campeonato ni la Copa que reci\u00e9n comienza\u201d<\/strong>.<\/p>\n<p><strong>TRANQUILIDAD TRAS EL SANCI\u00d3N A LEANDRO BENEGAS<\/strong><\/p>\n<p>Este martes el Tribunal de Penalidades de la ANFP entreg\u00f3 una fecha de castigo para Leandro Benegas tras su bullada expulsi\u00f3n el partido pasado frente a Huachipato. Consultado sobre el estado de \u00e1nimo del delantero, Guzm\u00e1n Pereira asegur\u00f3 <strong>\u201c\u00e9l sab\u00eda que se le ven\u00eda una sanci\u00f3n. Est\u00e1 tranquilo y pensando en que tiene que aprender\u00bb<\/strong>.<\/p>\n<p>De igual defendi\u00f3 la reacci\u00f3n de Benegas afirmando que <strong>\u00abcuando uno hace un gol, se saca el desahogo y a veces hace un gesto que el juez lo malinterpret\u00f3. Es la primera vez que veo una expulsi\u00f3n por ese motivo\u00bb.<\/strong><\/p>\n<p>Sobre c\u00f3mo llega esta sanci\u00f3n al plantel, pensando en los pr\u00f3ximos desaf\u00edos, Guzm\u00e1n Pereira aclar\u00f3 que <strong>\u00abhay plantel para reemplazar y ojal\u00e1 que al que le toque lo haga de buena manera\u00bb<\/strong>.<\/p>\n<p><strong>MOLESTIAS EN LA ESPALDA PREOCUPAN A \u201cMACHETE\u201d<\/strong><\/p>\n<p>Mart\u00edn Lasarte sufre por estos d\u00edas problemas f\u00edsicos. Su espalda aparentemente no ha respondido bien a la operaci\u00f3n, debiendo ausentarse este mi\u00e9rcoles del entrenamiento del primer equipo.<\/p>\n<p>Esta situaci\u00f3n podr\u00eda dejar a \u201cMachete\u00bb fuera de la banca frente a Uni\u00f3n Espa\u00f1ola, siendo reemplazado nuevamente por su ayudante t\u00e9cnico Rodolfo Neme.<\/p>\n","protected":false},"excerpt":{"rendered":"<p>El mediocampista charr\u00faa enfrent\u00f3 los micr\u00f3fonos y se refiri\u00f3 a la actualidad azul y el pr\u00f3ximo desaf\u00edo: Uni\u00f3n Espa\u00f1ola. Dijo que Benegas est\u00e1 tranquilo tras recibir sanci\u00f3n. Mart\u00edn Lasarte se ausent\u00f3 de la pr\u00e1ctica.<\/p>\n","protected":false},"author":21382,"featured_media":5814,"comment_status":"closed","ping_status":"open","sticky":false,"template":"","format":"standard","meta":{"footnotes":""},"categories":[18],"tags":[454,333,320,248,319,224,157,337,356],"class_list":{"0":"post-6911","1":"post","2":"type-post","3":"status-publish","4":"format-standard","5":"has-post-thumbnail","7":"category-actualidad","8":"tag-actualidad","9":"tag-clausura-2014-2015","10":"tag-copa-libertadores-2015","11":"tag-guzman-pereria","12":"tag-leandro-benegas","13":"tag-martin-lasarte","14":"tag-portada","15":"tag-rodolfo-neme","16":"tag-torneo-clausura-2015"},"_links":{"self":[{"href":"http:\/\/www.rincondelbulla.cl\/portal\/wp-json\/wp\/v2\/posts\/6911","targetHints":{"allow":["GET"]}}],"collection":[{"href":"http:\/\/www.rincondelbulla.cl\/portal\/wp-json\/wp\/v2\/posts"}],"about":[{"href":"http:\/\/www.rincondelbulla.cl\/portal\/wp-json\/wp\/v2\/types\/post"}],"author":[{"embeddable":true,"href":"http:\/\/www.rincondelbulla.cl\/portal\/wp-json\/wp\/v2\/users\/21382"}],"replies":[{"embeddable":true,"href":"http:\/\/www.rincondelbulla.cl\/portal\/wp-json\/wp\/v2\/comments?post=6911"}],"version-history":[{"count":1,"href":"http:\/\/www.rincondelbulla.cl\/portal\/wp-json\/wp\/v2\/posts\/6911\/revisions"}],"predecessor-version":[{"id":6912,"href":"http:\/\/www.rincondelbulla.cl\/portal\/wp-json\/wp\/v2\/posts\/6911\/revisions\/6912"}],"wp:featuredmedia":[{"embeddable":true,"href":"http:\/\/www.rincondelbulla.cl\/portal\/wp-json\/wp\/v2\/media\/5814"}],"wp:attachment":[{"href":"http:\/\/www.rincondelbulla.cl\/portal\/wp-json\/wp\/v2\/media?parent=6911"}],"wp:term":[{"taxonomy":"category","embeddable":true,"href":"http:\/\/www.rincondelbulla.cl\/portal\/wp-json\/wp\/v2\/categories?post=6911"},{"taxonomy":"post_tag","embeddable":true,"href":"http:\/\/www.rincondelbulla.cl\/portal\/wp-json\/wp\/v2\/tags?post=6911"}],"curies":[{"name":"wp","href":"https:\/\/api.w.org\/{rel}","templated":true}]}}