{"id":6955,"date":"2015-02-22T21:39:18","date_gmt":"2015-02-22T21:39:18","guid":{"rendered":"http:\/\/www.rincondelbulla.cl\/portal\/?p=6955"},"modified":"2015-02-23T00:59:23","modified_gmt":"2015-02-23T00:59:23","slug":"se-va-la-mufa-la-u-vuelve-al-triunfo","status":"publish","type":"post","link":"http:\/\/www.rincondelbulla.cl\/portal\/2015\/02\/22\/se-va-la-mufa-la-u-vuelve-al-triunfo\/","title":{"rendered":"Se va la mufa, La U vuelve al triunfo"},"content":{"rendered":"<figure id=\"attachment_6210\" aria-describedby=\"caption-attachment-6210\" style=\"width: 1100px\" class=\"wp-caption aligncenter\"><a href=\"http:\/\/www.rincondelbulla.cl\/portal\/wp-content\/uploads\/2014\/11\/celebracion11.jpg\"><img loading=\"lazy\" decoding=\"async\" class=\"size-full wp-image-6210\" src=\"http:\/\/www.rincondelbulla.cl\/portal\/wp-content\/uploads\/2014\/11\/celebracion11.jpg\" alt=\"La U volvi\u00f3 a los abrazos - Foto: Patricio Gonz\u00e1lez\" width=\"1100\" height=\"700\" srcset=\"http:\/\/www.rincondelbulla.cl\/portal\/wp-content\/uploads\/2014\/11\/celebracion11.jpg 1100w, http:\/\/www.rincondelbulla.cl\/portal\/wp-content\/uploads\/2014\/11\/celebracion11-300x191.jpg 300w, http:\/\/www.rincondelbulla.cl\/portal\/wp-content\/uploads\/2014\/11\/celebracion11-768x489.jpg 768w, http:\/\/www.rincondelbulla.cl\/portal\/wp-content\/uploads\/2014\/11\/celebracion11-696x443.jpg 696w, http:\/\/www.rincondelbulla.cl\/portal\/wp-content\/uploads\/2014\/11\/celebracion11-1068x680.jpg 1068w, http:\/\/www.rincondelbulla.cl\/portal\/wp-content\/uploads\/2014\/11\/celebracion11-660x420.jpg 660w\" sizes=\"auto, (max-width: 1100px) 100vw, 1100px\" \/><\/a><figcaption id=\"caption-attachment-6210\" class=\"wp-caption-text\">La U volvi\u00f3 a los abrazos &#8211; Foto: Patricio Gonz\u00e1lez<\/figcaption><\/figure>\n<p>&nbsp;<\/p>\n<p class=\"p1\"><strong><span class=\"s1\">En un atractivo duelo Universidad de Chile super\u00f3 por 2-1 a Universidad de Concepci\u00f3n, con este restado los azules vuelven a sumar de tres unidades tras 6 fechas sin conocer de triunfos. Ahora la U va por su primer triunfo en Copa Libertadores.<\/span><\/strong><!--more--><\/p>\n<p class=\"p1\"><span class=\"s1\">Por fin, un suspiro de alivio y quiz\u00e1s cu\u00e1ntos otros gestos tuvieron los hinchas azules para festejar el segundo triunfo azul en lo que va de esta temporada, y si bien no fue f\u00e1cil, ese triunfo revitaliza el ambiente en el camar\u00edn y en la tribuna.<\/span><\/p>\n<p class=\"p1\"><span class=\"s1\">Partido de ida y vuelta con una U que desde el primer minuto comenz\u00f3 a inquietar la porter\u00eda de Universidad de Concepci\u00f3n, es as\u00ed como a los 5 minutos del \u00a0encuentro un centro perfecto de Cesar Cort\u00e9s, es conectado por la figura del partido, Sebasti\u00e1n Mart\u00ednez quien casi inaugura el marcador. <\/span><\/p>\n<p class=\"p1\"><span class=\"s1\">La U dominaba y no concretaba, a los 8 minutos cae la primera amonestaci\u00f3n en el conjunto laico, falta y es cartulina amarilla para Vidal, que a la postre traer\u00eda consecuencia. <\/span><\/p>\n<p class=\"p1\"><span class=\"s1\">Los primeros 15 minutos fueron de total dominio azul, luego Universidad de Concepci\u00f3n comenz\u00f3 a aproximarse a la porter\u00eda de Herrera, sin embargo las llegadas azules continuaban inquietando el arco de los locales, esa as\u00ed como a los 25 minutos de encuentro, Math\u00edas Corujo remata cruzado y la pelota casi ingresa al arco.<\/span><\/p>\n<p class=\"p1\"><span class=\"s1\">El partido se tornaba de ida y vuelta, sin que ninguno de los equipos lograra concretar, pero con las llegadas m\u00e1s claras de partes de Universidad de Chile, de esta forma tras un notable contragolpe<span class=\"Apple-converted-space\">\u00a0 <\/span>azul a los 33 minutos, encabezado por Gustavo Canales, casi se transforma el primer gol de los azules.<\/span><\/p>\n<p class=\"p1\"><span class=\"s1\">Y lleg\u00f3 el primer gol de los azules. Al igual que la \u00faltima visita de la U al estadio CAP, quien abri\u00f3 el<span class=\"Apple-converted-space\">\u00a0 <\/span>marcador para los dirigidos por Mart\u00edn Lasarte, fue Fabi\u00e1n Carmona, quien tras centro de C\u00e9sar Cort\u00e9s conecta de cabeza, el primer tiempo se terminaba con ventaja para los laicos.<\/span><\/p>\n<p class=\"p1\"><span class=\"s1\">Al comenzar el segundo tiempo la t\u00f3nica del encuentro fue casi la misma que la primera etapa, un partido de ida y vuelta, donde la U ten\u00eda las opciones m\u00e1s claras. Es as\u00ed como a los 54 minutos Fabi\u00e1n Carmona tuvo el segundo tanto de la U en sus pies, sin embargo no alcanz\u00f3 a conectar el centro de C\u00e9sar Cortes.<\/span><\/p>\n<p class=\"p1\"><span class=\"s1\">El segundo gol de la U llegar\u00eda a los 72 minutos de juego, y fue el uruguayo Guzm\u00e1n Pereira quien anot\u00f3 tras el tiro de esquina lanzado por Ram\u00f3n Fern\u00e1ndez, el uruguayo lo grit\u00f3 con todo y festej\u00f3 con la hincada azul.<\/span><\/p>\n<p class=\"p1\"><span class=\"s1\">El partido se ve\u00eda casi asegurado para la U, pese a esto las irregularidades defensivas mostradas durante el presente torneo volvieron a aparecer a los 81 minutos y tras un grueso error de la defensa azul y la complicidad de Herrera lleg\u00f3 el descuento para los del Campanil.<\/span><\/p>\n<p class=\"p1\"><span class=\"s1\">Los fantasmas de las \u00faltimas 6 fechas asomaban nuevamente en la U, estos se acrecentaron cuando al minuto 85 Benjam\u00edn Vidal comete una mano absurda y se transforma en su segunda amarilla y se va expulsado del terreno de juego, la U volv\u00eda a sufrir.<\/span><\/p>\n<p class=\"p1\"><span class=\"s1\">Sin embargo la U logr\u00f3 controlar lo que quedaba de partido y se llev\u00f3 los tres puntos, una victoria que fortalece la confianza azul y que da un impulso al equipo que esta semana viaja a Brasil para enfrentar a Internacional de Porto alegre por Copa Libertadores de Am\u00e9rica.<\/span><\/p>\n","protected":false},"excerpt":{"rendered":"<p>&nbsp; En un atractivo duelo Universidad de Chile super\u00f3 por 2-1 a Universidad de Concepci\u00f3n, con este restado los azules vuelven a sumar de tres unidades tras 6 fechas sin conocer de triunfos. Ahora la U va por su primer triunfo en Copa Libertadores.<\/p>\n","protected":false},"author":56,"featured_media":6210,"comment_status":"closed","ping_status":"open","sticky":false,"template":"","format":"standard","meta":{"footnotes":""},"categories":[18],"tags":[454,338,102,157,156],"class_list":{"0":"post-6955","1":"post","2":"type-post","3":"status-publish","4":"format-standard","5":"has-post-thumbnail","7":"category-actualidad","8":"tag-actualidad","9":"tag-clausura-2015","10":"tag-los-de-abajo","11":"tag-portada","12":"tag-universidad-de-chile"},"_links":{"self":[{"href":"http:\/\/www.rincondelbulla.cl\/portal\/wp-json\/wp\/v2\/posts\/6955","targetHints":{"allow":["GET"]}}],"collection":[{"href":"http:\/\/www.rincondelbulla.cl\/portal\/wp-json\/wp\/v2\/posts"}],"about":[{"href":"http:\/\/www.rincondelbulla.cl\/portal\/wp-json\/wp\/v2\/types\/post"}],"author":[{"embeddable":true,"href":"http:\/\/www.rincondelbulla.cl\/portal\/wp-json\/wp\/v2\/users\/56"}],"replies":[{"embeddable":true,"href":"http:\/\/www.rincondelbulla.cl\/portal\/wp-json\/wp\/v2\/comments?post=6955"}],"version-history":[{"count":4,"href":"http:\/\/www.rincondelbulla.cl\/portal\/wp-json\/wp\/v2\/posts\/6955\/revisions"}],"predecessor-version":[{"id":6959,"href":"http:\/\/www.rincondelbulla.cl\/portal\/wp-json\/wp\/v2\/posts\/6955\/revisions\/6959"}],"wp:featuredmedia":[{"embeddable":true,"href":"http:\/\/www.rincondelbulla.cl\/portal\/wp-json\/wp\/v2\/media\/6210"}],"wp:attachment":[{"href":"http:\/\/www.rincondelbulla.cl\/portal\/wp-json\/wp\/v2\/media?parent=6955"}],"wp:term":[{"taxonomy":"category","embeddable":true,"href":"http:\/\/www.rincondelbulla.cl\/portal\/wp-json\/wp\/v2\/categories?post=6955"},{"taxonomy":"post_tag","embeddable":true,"href":"http:\/\/www.rincondelbulla.cl\/portal\/wp-json\/wp\/v2\/tags?post=6955"}],"curies":[{"name":"wp","href":"https:\/\/api.w.org\/{rel}","templated":true}]}}