{"id":6960,"date":"2015-02-23T07:41:13","date_gmt":"2015-02-23T07:41:13","guid":{"rendered":"http:\/\/www.rincondelbulla.cl\/portal\/?p=6960"},"modified":"2015-02-23T07:41:13","modified_gmt":"2015-02-23T07:41:13","slug":"programacion-a-cerrar-la-novena-fecha-en-el-nacional-universidad-de-chile-vs-audax-italiano","status":"publish","type":"post","link":"http:\/\/www.rincondelbulla.cl\/portal\/2015\/02\/23\/programacion-a-cerrar-la-novena-fecha-en-el-nacional-universidad-de-chile-vs-audax-italiano\/","title":{"rendered":"[Programaci\u00f3n] A cerrar la novena fecha en el Nacional: Universidad de Chile vs. Audax Italiano"},"content":{"rendered":"<figure id=\"attachment_5628\" aria-describedby=\"caption-attachment-5628\" style=\"width: 900px\" class=\"wp-caption alignnone\"><a href=\"http:\/\/www.rincondelbulla.cl\/portal\/wp-content\/uploads\/2014\/09\/uaudax.jpg\"><img loading=\"lazy\" decoding=\"async\" class=\"wp-image-5628 size-full\" src=\"http:\/\/www.rincondelbulla.cl\/portal\/wp-content\/uploads\/2014\/09\/uaudax.jpg\" alt=\"uaudax\" width=\"900\" height=\"600\" srcset=\"http:\/\/www.rincondelbulla.cl\/portal\/wp-content\/uploads\/2014\/09\/uaudax.jpg 900w, http:\/\/www.rincondelbulla.cl\/portal\/wp-content\/uploads\/2014\/09\/uaudax-300x200.jpg 300w, http:\/\/www.rincondelbulla.cl\/portal\/wp-content\/uploads\/2014\/09\/uaudax-768x512.jpg 768w, http:\/\/www.rincondelbulla.cl\/portal\/wp-content\/uploads\/2014\/09\/uaudax-696x464.jpg 696w, http:\/\/www.rincondelbulla.cl\/portal\/wp-content\/uploads\/2014\/09\/uaudax-630x420.jpg 630w\" sizes=\"auto, (max-width: 900px) 100vw, 900px\" \/><\/a><figcaption id=\"caption-attachment-5628\" class=\"wp-caption-text\">La \u00faltima vez que ambos cuadros se enfrentaron, la U venci\u00f3 por 3-2 con goles de Rubio, Ubilla y Canales.<\/figcaption><\/figure>\n<p><strong>Universidad de Chile recibir\u00e1 a Audax Italiano en lo que ser\u00e1 el cierre de la novena fecha. Ambos cuadros vienen de vencer en sus \u00faltimos duelos respectivos, por lo que se anticipa, ser\u00e1 un pleito bastante equilibrado.<\/strong><\/p>\n<p><!--more--><\/p>\n<p>En el camar\u00edn azul se respira un aire m\u00e1s tranquilo. Pues claro, el equipo de Mart\u00edn Lasarte al f\u00edn logr\u00f3 dar con la victoria, luego de seis encuentros -incluyendo el debut en Copa Libertadores- sin saber de triunfos. Los azules lograron vencer en condici\u00f3n de visita a uno de los cuadros m\u00e1s regulares del torneo: Universidad de Concepci\u00f3n.<\/p>\n<p>Pese a esto, en el Rom\u00e1ntico Viajero, apenas palpitar\u00e1n el relajo de la victoria, pues este <strong>jueves<\/strong> retorna la competencia internacional, y Universidad de Chile viajar\u00e1 a Brasil para enfrentar a las <strong>20:15 horas<\/strong>, al d\u00edficil <strong>Inter de Porto Alegre<\/strong>.<\/p>\n<p>El equipo de <strong>Charles Ar\u00e1nguiz<\/strong> tambi\u00e9n viene de un debut fallido, luego de caer en la altura ante el The Strongest de Bolivia. Es por esto que se preve\u00e9 un duelo duro, en el que ambos equipos buscar\u00e1n sumar al menos un punto para seguir con el anhelo de clasificar a la segunda ronda del certamen.<\/p>\n<p>De regreso a Santiago, los pup\u00edlos de \u00abMachete\u00bb descansar\u00e1n solo cuatro d\u00edas, para salir nuevamente a escena el <strong>lunes 2 de marzo<\/strong>, a la cancha del <strong>Estadio Nacional<\/strong>. Para recibir a las <strong>20:00 horas<\/strong>, al cuadro de <strong>Audax Italiano<\/strong>.<\/p>\n<p>Los it\u00e1licos marchan en la novena posici\u00f3n de la tabla, con solo tres puntos m\u00e1s que la U. En lo que va de torneo, han ganado solo un pleito m\u00e1s que los azules, por lo que ser\u00e1 un duelo bastante equilibrado, en el que ambos equipos buscar\u00e1n la victoria para escalar un poco hacia lo alto de la tabla.<\/p>\n<p>Cabe recordar que el \u00faltimo duelo entre ambos, termin\u00f3 en victoria para el campe\u00f3n, de tres goles a dos, en el Bicentenario de La Florida. Los h\u00e9roes de aquella tarde de septiembre, fueron: Patricio Rubio, <strong>Seba Ubilla y Gustavo Canales. <\/strong><\/p>\n<p>As\u00ed comienza a tomar forma una nueva fecha del campeonato nacional, cuya <strong>programaci\u00f3n<\/strong> es la siguiente:<\/p>\n<p><strong>Viernes 27 de febrero<\/strong><\/p>\n<p>S. Wanderers &#8211; U. de Concepci\u00f3n. 18:30. Lucio Fari\u00f1a<\/p>\n<p>O&#8217;Higgins &#8211; Barnechea. 21:00. El Teniente<\/p>\n<p><strong>S\u00e1bado 28 de febrero<\/strong><\/p>\n<p>U. Cat\u00f3lica &#8211; Cobresal. 19:30. San Carlos<\/p>\n<p><strong>Domingo 01 de marzo<\/strong><\/p>\n<p>Palestino &#8211; D. Iquique. 15:30. La Cisterna<\/p>\n<p>Cobreloa &#8211; SM Arica. 17:00. Municipal de Calama<\/p>\n<p>\u00d1ublense &#8211; Colo Colo. 17:00. Nelson Oyarz\u00fan<\/p>\n<p>Antofagasta &#8211; Uni\u00f3n Espa\u00f1ola. 18:00. Calvo y Bascu\u00f1\u00e1n<\/p>\n<p>U. La Calera &#8211; Huachipato. 20:00. Nicol\u00e1s Chahu\u00e1n<\/p>\n<p>&nbsp;<\/p>\n","protected":false},"excerpt":{"rendered":"<p>Universidad de Chile recibir\u00e1 a Audax Italiano en lo que ser\u00e1 el cierre de la novena fecha. Ambos cuadros vienen de vencer en sus \u00faltimos duelos respectivos, por lo que se anticipa, ser\u00e1 un pleito bastante equilibrado.<\/p>\n","protected":false},"author":21383,"featured_media":6759,"comment_status":"closed","ping_status":"open","sticky":false,"template":"","format":"standard","meta":{"footnotes":""},"categories":[18],"tags":[],"class_list":{"0":"post-6960","1":"post","2":"type-post","3":"status-publish","4":"format-standard","5":"has-post-thumbnail","7":"category-actualidad"},"_links":{"self":[{"href":"http:\/\/www.rincondelbulla.cl\/portal\/wp-json\/wp\/v2\/posts\/6960","targetHints":{"allow":["GET"]}}],"collection":[{"href":"http:\/\/www.rincondelbulla.cl\/portal\/wp-json\/wp\/v2\/posts"}],"about":[{"href":"http:\/\/www.rincondelbulla.cl\/portal\/wp-json\/wp\/v2\/types\/post"}],"author":[{"embeddable":true,"href":"http:\/\/www.rincondelbulla.cl\/portal\/wp-json\/wp\/v2\/users\/21383"}],"replies":[{"embeddable":true,"href":"http:\/\/www.rincondelbulla.cl\/portal\/wp-json\/wp\/v2\/comments?post=6960"}],"version-history":[{"count":2,"href":"http:\/\/www.rincondelbulla.cl\/portal\/wp-json\/wp\/v2\/posts\/6960\/revisions"}],"predecessor-version":[{"id":6962,"href":"http:\/\/www.rincondelbulla.cl\/portal\/wp-json\/wp\/v2\/posts\/6960\/revisions\/6962"}],"wp:featuredmedia":[{"embeddable":true,"href":"http:\/\/www.rincondelbulla.cl\/portal\/wp-json\/wp\/v2\/media\/6759"}],"wp:attachment":[{"href":"http:\/\/www.rincondelbulla.cl\/portal\/wp-json\/wp\/v2\/media?parent=6960"}],"wp:term":[{"taxonomy":"category","embeddable":true,"href":"http:\/\/www.rincondelbulla.cl\/portal\/wp-json\/wp\/v2\/categories?post=6960"},{"taxonomy":"post_tag","embeddable":true,"href":"http:\/\/www.rincondelbulla.cl\/portal\/wp-json\/wp\/v2\/tags?post=6960"}],"curies":[{"name":"wp","href":"https:\/\/api.w.org\/{rel}","templated":true}]}}