{"id":6963,"date":"2015-02-23T15:56:00","date_gmt":"2015-02-23T15:56:00","guid":{"rendered":"http:\/\/www.rincondelbulla.cl\/portal\/?p=6963"},"modified":"2015-02-23T15:56:00","modified_gmt":"2015-02-23T15:56:00","slug":"marca-personal-al-fin-se-volvio-al-triunfo","status":"publish","type":"post","link":"http:\/\/www.rincondelbulla.cl\/portal\/2015\/02\/23\/marca-personal-al-fin-se-volvio-al-triunfo\/","title":{"rendered":"Marca Personal: Al fin se volvi\u00f3 al triunfo"},"content":{"rendered":"<figure id=\"attachment_5805\" aria-describedby=\"caption-attachment-5805\" style=\"width: 1100px\" class=\"wp-caption alignnone\"><a href=\"http:\/\/www.rincondelbulla.cl\/portal\/wp-content\/uploads\/2014\/10\/guzman-pereira2.jpg\"><img loading=\"lazy\" decoding=\"async\" class=\"size-full wp-image-5805\" src=\"http:\/\/www.rincondelbulla.cl\/portal\/wp-content\/uploads\/2014\/10\/guzman-pereira2.jpg\" alt=\"Foto: Claudio C\u00e1ceres\" width=\"1100\" height=\"700\" srcset=\"http:\/\/www.rincondelbulla.cl\/portal\/wp-content\/uploads\/2014\/10\/guzman-pereira2.jpg 1100w, http:\/\/www.rincondelbulla.cl\/portal\/wp-content\/uploads\/2014\/10\/guzman-pereira2-300x191.jpg 300w, http:\/\/www.rincondelbulla.cl\/portal\/wp-content\/uploads\/2014\/10\/guzman-pereira2-768x489.jpg 768w, http:\/\/www.rincondelbulla.cl\/portal\/wp-content\/uploads\/2014\/10\/guzman-pereira2-696x443.jpg 696w, http:\/\/www.rincondelbulla.cl\/portal\/wp-content\/uploads\/2014\/10\/guzman-pereira2-1068x680.jpg 1068w, http:\/\/www.rincondelbulla.cl\/portal\/wp-content\/uploads\/2014\/10\/guzman-pereira2-660x420.jpg 660w\" sizes=\"auto, (max-width: 1100px) 100vw, 1100px\" \/><\/a><figcaption id=\"caption-attachment-5805\" class=\"wp-caption-text\">Guzm\u00e1n Pereira anot\u00f3 su primer gol por la Universidad de Chile. Foto: Claudio C\u00e1ceres<\/figcaption><\/figure>\n<p><strong>\u201cHay que ganar como sea\u201d dec\u00eda \u201cMachete\u201d el Viernes en conferencia de prensa, ayer la \u201cGloriosa\u201d dio fin a una racha de seis encuentros sin conocer de victorias y es de esperar que sea el comienzo de un ciclo de triunfos en el Rom\u00e1ntico Viajero.<\/strong><!--more--><\/p>\n<p>Con un muy buen primer tiempo la Universidad de Chile debi\u00f3 haberse ido con un marcador m\u00e1s abultado. Con mucha triangulaci\u00f3n en delantera, y la constante subida de los laterales por las bandas, los azules fueron los due\u00f1os de innumerables acciones de riesgo, hasta que llego la apertura del marcador con frentazo de Carmona. Y los azules se fueron con ventaja al descanso. En el segundo tiempo si bien la visita baj\u00f3 un poco la constante presi\u00f3n en el medio terreno, aument\u00f3 con frentazo de Pereira. Pero tras el gol Fernandez perdi\u00f3 un bal\u00f3n el medioterreno de forma infantil y lleg\u00f3 el descuento para los del campanil. De ah\u00ed en m\u00e1s los locales se fueron con todo en ataque y los azules lograron defender la ventaja y volver a santiago con los 3 puntos, puntos de oro considerando el p\u00e9simo rendimiento que ostenta en el torneo de clausura. Este es el Marca Personal del Rinc\u00f3n del Bulla:<\/p>\n<p>&nbsp;<\/p>\n<p><strong>25.-Johnny Herrera:<\/strong> de a poco sube su nivel. Nota 5.0<\/p>\n<p><strong>5.- Mathias Corujo<\/strong>: Muy buen primer tiempo, en el segundo se le vi\u00f3 cansado y lento en el retroceso. Nota 5.0<\/p>\n<p><strong>2.- Benjam\u00edn Vidal:<\/strong> Si bien mejor\u00f3 en comparaci\u00f3n a presentaciones anteriores, su expulsi\u00f3n por doble amarilla en una mano casi infantil ensucia todo su rendimiento. Nota 4.5<\/p>\n<p><strong>23.-Cristi\u00e1n Su\u00e1rez:<\/strong> Mantiene su buen nivel, pese a que le cambian la pareja de central. Nota 5.0<\/p>\n<p><strong>15.-Cristi\u00e1n Cuevas:<\/strong> Se nota que es un lateral volante, maneja muy bien el ida y vuelta. Nota 5.0<\/p>\n<p><strong>6.-Sebasti\u00e1n Martinez<\/strong>:<strong> con un despliegue f\u00edsico notable aporta marca y se suma de buena manera al ataque azul. Nota 6.0<\/strong><\/p>\n<p><strong>24.-Guzm\u00e1n Pereira:<\/strong> Le hizo bien tener a Martinez al lado, no corri\u00f3 tanto detr\u00e1s del bal\u00f3n como en partidos anteriores. Adem\u00e1s marc\u00f3 el 2-0. Nota 5.0<\/p>\n<p><strong>10.-Ram\u00f3n Fern\u00e1ndez<\/strong>: Mejor\u00f3 mucho a presentaciones anteriores, fue la manija en el mediocampo azul. Nota 5.0<\/p>\n<p><strong>26.-Fabi\u00e1n Carmona:<\/strong> Marc\u00f3 su segundo gol en dos partidos consecutivos, pese a eso le falta entendimiento con sus compa\u00f1eros. Nota 4.5<\/p>\n<p><strong>19.-Gustavo Canales:<\/strong> Poco a poco retoma su nivel, le falta marcar el gol para recuperar confianza. Nota 5.0<\/p>\n<p><strong>7.- C\u00e9sar Cort\u00e9s:<\/strong> Hizo un muy buen partido, esperamos que siga repitiendo esas actuaciones, aunque su irregularidad lo caracteriza. Nota 6.0<\/p>\n<p><strong>Cambios<\/strong><\/p>\n<p><strong>11.- Sebasti\u00e1n Ubilla (72&#8242; por Gustavo Canales):<\/strong> Entr\u00f3 para darle respiro al equipo y con su velocidad poner en aprietos a la defensa del campanil, sin embargo hizo muy poco. Nota 4.5<\/p>\n<p><strong>27.- Leandro Benegas (72&#8242; por Fabi\u00e1n Carmona):<\/strong> Casi no tuvo ocasiones de gol, y para un goleador es malo estar tanto tiempo lejos del grito de gol. Nota 4.5<\/p>\n<p><strong>20.- Bryan Cort\u00e9s (76&#8242; por Cesar Cort\u00e9s):<\/strong> su ingreso era para mantener el poder\u00edo en el medioterreno, nunca entendi\u00f3 su posici\u00f3n en el equipo. Nota 4.0<\/p>\n","protected":false},"excerpt":{"rendered":"<p>\u201cHay que ganar como sea\u201d dec\u00eda \u201cMachete\u201d el Viernes en conferencia de prensa, ayer la \u201cGloriosa\u201d dio fin a una racha de seis encuentros sin conocer de victorias y es de esperar que sea el comienzo de un ciclo de triunfos en el Rom\u00e1ntico Viajero.<\/p>\n","protected":false},"author":21381,"featured_media":5805,"comment_status":"closed","ping_status":"open","sticky":false,"template":"","format":"standard","meta":{"footnotes":""},"categories":[18],"tags":[43,157,356],"class_list":{"0":"post-6963","1":"post","2":"type-post","3":"status-publish","4":"format-standard","5":"has-post-thumbnail","7":"category-actualidad","8":"tag-marca-personal","9":"tag-portada","10":"tag-torneo-clausura-2015"},"_links":{"self":[{"href":"http:\/\/www.rincondelbulla.cl\/portal\/wp-json\/wp\/v2\/posts\/6963","targetHints":{"allow":["GET"]}}],"collection":[{"href":"http:\/\/www.rincondelbulla.cl\/portal\/wp-json\/wp\/v2\/posts"}],"about":[{"href":"http:\/\/www.rincondelbulla.cl\/portal\/wp-json\/wp\/v2\/types\/post"}],"author":[{"embeddable":true,"href":"http:\/\/www.rincondelbulla.cl\/portal\/wp-json\/wp\/v2\/users\/21381"}],"replies":[{"embeddable":true,"href":"http:\/\/www.rincondelbulla.cl\/portal\/wp-json\/wp\/v2\/comments?post=6963"}],"version-history":[{"count":1,"href":"http:\/\/www.rincondelbulla.cl\/portal\/wp-json\/wp\/v2\/posts\/6963\/revisions"}],"predecessor-version":[{"id":6964,"href":"http:\/\/www.rincondelbulla.cl\/portal\/wp-json\/wp\/v2\/posts\/6963\/revisions\/6964"}],"wp:featuredmedia":[{"embeddable":true,"href":"http:\/\/www.rincondelbulla.cl\/portal\/wp-json\/wp\/v2\/media\/5805"}],"wp:attachment":[{"href":"http:\/\/www.rincondelbulla.cl\/portal\/wp-json\/wp\/v2\/media?parent=6963"}],"wp:term":[{"taxonomy":"category","embeddable":true,"href":"http:\/\/www.rincondelbulla.cl\/portal\/wp-json\/wp\/v2\/categories?post=6963"},{"taxonomy":"post_tag","embeddable":true,"href":"http:\/\/www.rincondelbulla.cl\/portal\/wp-json\/wp\/v2\/tags?post=6963"}],"curies":[{"name":"wp","href":"https:\/\/api.w.org\/{rel}","templated":true}]}}