{"id":6966,"date":"2015-02-23T17:05:14","date_gmt":"2015-02-23T17:05:14","guid":{"rendered":"http:\/\/www.rincondelbulla.cl\/portal\/?p=6966"},"modified":"2015-02-23T17:05:43","modified_gmt":"2015-02-23T17:05:43","slug":"no-todo-fue-alegria-en-el-camarin-azul-en-su-paso-por-talcahuano","status":"publish","type":"post","link":"http:\/\/www.rincondelbulla.cl\/portal\/2015\/02\/23\/no-todo-fue-alegria-en-el-camarin-azul-en-su-paso-por-talcahuano\/","title":{"rendered":"No todo fue alegr\u00eda en el camar\u00edn azul en su paso por Talcahuano"},"content":{"rendered":"<figure id=\"attachment_6937\" aria-describedby=\"caption-attachment-6937\" style=\"width: 960px\" class=\"wp-caption alignnone\"><a href=\"http:\/\/www.rincondelbulla.cl\/portal\/wp-content\/uploads\/2015\/02\/marca.jpg\"><img loading=\"lazy\" decoding=\"async\" class=\"size-full wp-image-6937\" src=\"http:\/\/www.rincondelbulla.cl\/portal\/wp-content\/uploads\/2015\/02\/marca.jpg\" alt=\"La seguidilla de expulsiones preocupa en el camar\u00edn azul, pero se comprometieron a superar esta situaci\u00f3n.\" width=\"960\" height=\"640\" srcset=\"http:\/\/www.rincondelbulla.cl\/portal\/wp-content\/uploads\/2015\/02\/marca.jpg 960w, http:\/\/www.rincondelbulla.cl\/portal\/wp-content\/uploads\/2015\/02\/marca-300x200.jpg 300w, http:\/\/www.rincondelbulla.cl\/portal\/wp-content\/uploads\/2015\/02\/marca-768x512.jpg 768w, http:\/\/www.rincondelbulla.cl\/portal\/wp-content\/uploads\/2015\/02\/marca-696x464.jpg 696w, http:\/\/www.rincondelbulla.cl\/portal\/wp-content\/uploads\/2015\/02\/marca-630x420.jpg 630w\" sizes=\"auto, (max-width: 960px) 100vw, 960px\" \/><\/a><figcaption id=\"caption-attachment-6937\" class=\"wp-caption-text\">La seguidilla de expulsiones preocupa en el camar\u00edn azul, pero se comprometieron a superar esta situaci\u00f3n.<\/figcaption><\/figure>\n<p><strong>Un Gustavo Canales molesto y la tercera expulsi\u00f3n consecutiva en las huestes azules, fueron los puntos bajos de la vuelta a los triunfos de la \u201cU\u201d. Los protagonistas llamaron a la calma y asumieron que hay elementos a\u00fan por mejorar.<\/strong><!--more--><\/p>\n<p>Pese al triunfo 2-1 ante Universidad de Concepci\u00f3n y haber vuelto a los abrazos tras seis partidos (5 en el Torneo Clausura 2014-2015 y 1 por Copa Libertadores 2015) no todo era sonrisas entre el plantel de Universidad de Chile.<\/p>\n<p>Minuto 72 y Rodolfo Neme, quien reemplaz\u00f3 a Martin Lasarte en la banca, mand\u00f3 a la cancha a Sebasti\u00e1n Ubilla en desmedro de Gustavo Canales. Esta situaci\u00f3n no habr\u00eda ca\u00eddo bien en el delantero, quien cuando se acercaba al banco de suplentes, le habr\u00eda reprochado la sustituci\u00f3n a Neme. <strong>\u00abNo escuch\u00e9 lo que me dijo Gustavo Canales. Si fue algo malo por la calentura del cambio, se entiende. Un jugador de f\u00fatbol va a querer jugar siempre\u00bb<\/strong>, asegur\u00f3 el ayudante t\u00e9cnico al ser consultado por esta situaci\u00f3n. Canales prefiri\u00f3 no referirse a este incidente cuando abandon\u00f3 el Estadio CAP.<\/p>\n<p>Otro tema que mantiene preocupados a los azules es la seguidilla de expulsiones que han vivido en el campeonato. En las \u00faltimas tres fechas, igual n\u00famero de jugadores han visto la tarjeta roja dejando en inferioridad num\u00e9rica al equipo. Leandro Benegas, Gonzalo Espinoza y Benjam\u00edn Vidal han sido los afectados. Johnny Herrera, quien ofici\u00f3 de capit\u00e1n frente la Universidad de Concepci\u00f3n, se refiri\u00f3 a esta situaci\u00f3n asegurando que \u201c<strong>l<\/strong><strong>os \u00faltimos tres o cuatro partidos hemos terminado con un jugador menos y eso es desgastante. Tendremos que conversar ese tema en la semana, ya que no puede seguir que nos sigan expulsando jugadores todos los partidos\u00bb.<\/strong><\/p>\n<p>Ahora, de cara al pr\u00f3ximo encuentro con Audax Italiano, la misi\u00f3n de\u00a0 Universidad de Chile ser\u00e1 mantenerse en la senda de los triunfos y lograr acabar con las expulsiones de las \u00faltimas semanas.<\/p>\n","protected":false},"excerpt":{"rendered":"<p>Un Gustavo Canales molesto y la tercera expulsi\u00f3n consecutiva en las huestes azules, fueron los puntos bajos de la vuelta a los triunfos de la \u201cU\u201d. Los protagonistas llamaron a la calma y asumieron que hay elementos a\u00fan por mejorar.<\/p>\n","protected":false},"author":21382,"featured_media":6873,"comment_status":"closed","ping_status":"open","sticky":false,"template":"","format":"standard","meta":{"footnotes":""},"categories":[18],"tags":[454,273,333,320,261,56,41,319,224,157,337,118,356],"class_list":{"0":"post-6966","1":"post","2":"type-post","3":"status-publish","4":"format-standard","5":"has-post-thumbnail","7":"category-actualidad","8":"tag-actualidad","9":"tag-benjamin-vidal","10":"tag-clausura-2014-2015","11":"tag-copa-libertadores-2015","12":"tag-gonzalo-espinoza","13":"tag-gustavo-canales","14":"tag-johnny-herrera","15":"tag-leandro-benegas","16":"tag-martin-lasarte","17":"tag-portada","18":"tag-rodolfo-neme","19":"tag-sebastian-ubilla","20":"tag-torneo-clausura-2015"},"_links":{"self":[{"href":"http:\/\/www.rincondelbulla.cl\/portal\/wp-json\/wp\/v2\/posts\/6966","targetHints":{"allow":["GET"]}}],"collection":[{"href":"http:\/\/www.rincondelbulla.cl\/portal\/wp-json\/wp\/v2\/posts"}],"about":[{"href":"http:\/\/www.rincondelbulla.cl\/portal\/wp-json\/wp\/v2\/types\/post"}],"author":[{"embeddable":true,"href":"http:\/\/www.rincondelbulla.cl\/portal\/wp-json\/wp\/v2\/users\/21382"}],"replies":[{"embeddable":true,"href":"http:\/\/www.rincondelbulla.cl\/portal\/wp-json\/wp\/v2\/comments?post=6966"}],"version-history":[{"count":2,"href":"http:\/\/www.rincondelbulla.cl\/portal\/wp-json\/wp\/v2\/posts\/6966\/revisions"}],"predecessor-version":[{"id":6968,"href":"http:\/\/www.rincondelbulla.cl\/portal\/wp-json\/wp\/v2\/posts\/6966\/revisions\/6968"}],"wp:featuredmedia":[{"embeddable":true,"href":"http:\/\/www.rincondelbulla.cl\/portal\/wp-json\/wp\/v2\/media\/6873"}],"wp:attachment":[{"href":"http:\/\/www.rincondelbulla.cl\/portal\/wp-json\/wp\/v2\/media?parent=6966"}],"wp:term":[{"taxonomy":"category","embeddable":true,"href":"http:\/\/www.rincondelbulla.cl\/portal\/wp-json\/wp\/v2\/categories?post=6966"},{"taxonomy":"post_tag","embeddable":true,"href":"http:\/\/www.rincondelbulla.cl\/portal\/wp-json\/wp\/v2\/tags?post=6966"}],"curies":[{"name":"wp","href":"https:\/\/api.w.org\/{rel}","templated":true}]}}