{"id":6969,"date":"2015-02-25T17:16:37","date_gmt":"2015-02-25T17:16:37","guid":{"rendered":"http:\/\/www.rincondelbulla.cl\/portal\/?p=6969"},"modified":"2015-02-25T17:16:37","modified_gmt":"2015-02-25T17:16:37","slug":"martin-lasarte-apuesta-a-la-obligacion-de-vencer","status":"publish","type":"post","link":"http:\/\/www.rincondelbulla.cl\/portal\/2015\/02\/25\/martin-lasarte-apuesta-a-la-obligacion-de-vencer\/","title":{"rendered":"Mart\u00edn Lasarte apuesta a la \u201cobligaci\u00f3n de vencer\u201d"},"content":{"rendered":"<figure id=\"attachment_6362\" aria-describedby=\"caption-attachment-6362\" style=\"width: 1100px\" class=\"wp-caption aligncenter\"><a href=\"http:\/\/www.rincondelbulla.cl\/portal\/wp-content\/uploads\/2014\/12\/martin12.jpg\"><img loading=\"lazy\" decoding=\"async\" class=\"size-full wp-image-6362\" src=\"http:\/\/www.rincondelbulla.cl\/portal\/wp-content\/uploads\/2014\/12\/martin12.jpg\" alt=\"El t\u00e9cnico azul  se aferra ala &quot;reavancha que entrega la Libertadores&quot; -Foto: Patricio Gonz\u00e1lez\" width=\"1100\" height=\"700\" srcset=\"http:\/\/www.rincondelbulla.cl\/portal\/wp-content\/uploads\/2014\/12\/martin12.jpg 1100w, http:\/\/www.rincondelbulla.cl\/portal\/wp-content\/uploads\/2014\/12\/martin12-300x191.jpg 300w, http:\/\/www.rincondelbulla.cl\/portal\/wp-content\/uploads\/2014\/12\/martin12-768x489.jpg 768w, http:\/\/www.rincondelbulla.cl\/portal\/wp-content\/uploads\/2014\/12\/martin12-696x443.jpg 696w, http:\/\/www.rincondelbulla.cl\/portal\/wp-content\/uploads\/2014\/12\/martin12-1068x680.jpg 1068w, http:\/\/www.rincondelbulla.cl\/portal\/wp-content\/uploads\/2014\/12\/martin12-660x420.jpg 660w\" sizes=\"auto, (max-width: 1100px) 100vw, 1100px\" \/><\/a><figcaption id=\"caption-attachment-6362\" class=\"wp-caption-text\">El t\u00e9cnico azul se aferra ala \u00abreavancha que entrega la Libertadores\u00bb -Foto: Patricio Gonz\u00e1lez<\/figcaption><\/figure>\n<p><strong>En conferencia de prensa ofrecida en Brasil, el t\u00e9cnico de Universidad de Chile se refiri\u00f3 al dif\u00edcil partido que enfrentar\u00e1n los azules ante Inter de Porto Alegre.<\/strong><br \/>\n<!--more--><\/p>\n<p>&nbsp;<\/p>\n<p class=\"p1\"><span class=\"s1\">La U tiene que disputar un partido clave ente un dif\u00edcil Internacional de Porto Alegre, los azules vienen de caer como local ante Emelec, lo cual dificulta el camino para llegar a las segunda fase de la Copa Libertadores. Por otra parte el Inter tambi\u00e9n viene de caer ante The Strongest en Bolivia, por lo cual necesitan a toda costa un triunfo como local.<\/span><\/p>\n<p class=\"p1\"><span class=\"s1\">Con este panorama Mart\u00edn Lasarte analiz\u00f3 el duelo ante los brasile\u00f1os, <strong>\u201ctenemos la obligaci\u00f3n de ganar\u201d<\/strong>, mencion\u00f3 de entrada el estratega, mientras portaba una carpeta con informaci\u00f3n del equipo brasile\u00f1o.<\/span><\/p>\n<p class=\"p1\"><span class=\"s1\">Tambi\u00e9n a\u00f1adi\u00f3, <strong>\u201ces un partido entre dos equipos que no tienen puntos. En nuestro caso, estamos obligados porque perdimos en casa\u201d<\/strong>.<\/span><\/p>\n<p class=\"p1\"><span class=\"s1\">Pese a tener la obligaci\u00f3n de ganar, Lasarte sabe que no ser\u00e1 un partido f\u00e1cil, <strong>\u201cCualquier equipo que venga ac\u00e1 tendr\u00e1 dificultades, Internacional tiene jugadores por sobre el promedio\u201d<\/strong>, a\u00f1adi\u00f3, sin embargo el DT de los azules mantiene la confianza, <strong>\u201cestamos en condiciones de hacer un gran partido ante un duro rival\u201d<\/strong>, agreg\u00f3.<\/span><\/p>\n<p class=\"p1\"><span class=\"s1\">Los azules a\u00fan no definen la alineaci\u00f3n con la que saltar\u00e1n al estadio Beira R\u00edo, <strong>\u201cesperamos ver la situaci\u00f3n de todos los jugadores. Todav\u00eda no hemos definido al equipo\u201d<\/strong>, finaliz\u00f3<\/span><\/p>\n","protected":false},"excerpt":{"rendered":"<p>En conferencia de prensa ofrecida en Brasil, el t\u00e9cnico de Universidad de Chile se refiri\u00f3 al dif\u00edcil partido que enfrentar\u00e1n los azules ante Inter de Porto Alegre.<\/p>\n","protected":false},"author":56,"featured_media":6362,"comment_status":"closed","ping_status":"open","sticky":false,"template":"","format":"standard","meta":{"footnotes":""},"categories":[18],"tags":[454,315,224,157,156],"class_list":{"0":"post-6969","1":"post","2":"type-post","3":"status-publish","4":"format-standard","5":"has-post-thumbnail","7":"category-actualidad","8":"tag-actualidad","9":"tag-libertadores-2015","10":"tag-martin-lasarte","11":"tag-portada","12":"tag-universidad-de-chile"},"_links":{"self":[{"href":"http:\/\/www.rincondelbulla.cl\/portal\/wp-json\/wp\/v2\/posts\/6969","targetHints":{"allow":["GET"]}}],"collection":[{"href":"http:\/\/www.rincondelbulla.cl\/portal\/wp-json\/wp\/v2\/posts"}],"about":[{"href":"http:\/\/www.rincondelbulla.cl\/portal\/wp-json\/wp\/v2\/types\/post"}],"author":[{"embeddable":true,"href":"http:\/\/www.rincondelbulla.cl\/portal\/wp-json\/wp\/v2\/users\/56"}],"replies":[{"embeddable":true,"href":"http:\/\/www.rincondelbulla.cl\/portal\/wp-json\/wp\/v2\/comments?post=6969"}],"version-history":[{"count":1,"href":"http:\/\/www.rincondelbulla.cl\/portal\/wp-json\/wp\/v2\/posts\/6969\/revisions"}],"predecessor-version":[{"id":6970,"href":"http:\/\/www.rincondelbulla.cl\/portal\/wp-json\/wp\/v2\/posts\/6969\/revisions\/6970"}],"wp:featuredmedia":[{"embeddable":true,"href":"http:\/\/www.rincondelbulla.cl\/portal\/wp-json\/wp\/v2\/media\/6362"}],"wp:attachment":[{"href":"http:\/\/www.rincondelbulla.cl\/portal\/wp-json\/wp\/v2\/media?parent=6969"}],"wp:term":[{"taxonomy":"category","embeddable":true,"href":"http:\/\/www.rincondelbulla.cl\/portal\/wp-json\/wp\/v2\/categories?post=6969"},{"taxonomy":"post_tag","embeddable":true,"href":"http:\/\/www.rincondelbulla.cl\/portal\/wp-json\/wp\/v2\/tags?post=6969"}],"curies":[{"name":"wp","href":"https:\/\/api.w.org\/{rel}","templated":true}]}}