{"id":7018,"date":"2015-03-04T22:24:23","date_gmt":"2015-03-04T22:24:23","guid":{"rendered":"http:\/\/www.rincondelbulla.cl\/portal\/?p=7018"},"modified":"2015-03-04T22:24:23","modified_gmt":"2015-03-04T22:24:23","slug":"lasarte-yo-estoy-a-gusto-en-el-equipo-tenemos-una-muy-buena-relacion","status":"publish","type":"post","link":"http:\/\/www.rincondelbulla.cl\/portal\/2015\/03\/04\/lasarte-yo-estoy-a-gusto-en-el-equipo-tenemos-una-muy-buena-relacion\/","title":{"rendered":"Lasarte: Yo estoy a gusto en el equipo, tenemos una muy buena relaci\u00f3n"},"content":{"rendered":"<p><a href=\"http:\/\/www.rincondelbulla.cl\/portal\/wp-content\/uploads\/2015\/02\/lasarte.jpg\"><img loading=\"lazy\" decoding=\"async\" class=\"alignnone size-full wp-image-6850\" src=\"http:\/\/www.rincondelbulla.cl\/portal\/wp-content\/uploads\/2015\/02\/lasarte.jpg\" alt=\"Foto: Patricio Gonz\u00e1lez\" width=\"960\" height=\"639\" srcset=\"http:\/\/www.rincondelbulla.cl\/portal\/wp-content\/uploads\/2015\/02\/lasarte.jpg 960w, http:\/\/www.rincondelbulla.cl\/portal\/wp-content\/uploads\/2015\/02\/lasarte-300x200.jpg 300w, http:\/\/www.rincondelbulla.cl\/portal\/wp-content\/uploads\/2015\/02\/lasarte-768x511.jpg 768w, http:\/\/www.rincondelbulla.cl\/portal\/wp-content\/uploads\/2015\/02\/lasarte-696x463.jpg 696w, http:\/\/www.rincondelbulla.cl\/portal\/wp-content\/uploads\/2015\/02\/lasarte-631x420.jpg 631w\" sizes=\"auto, (max-width: 960px) 100vw, 960px\" \/><\/a><\/p>\n<p><strong>Mart\u00edn Lasarte se sent\u00f3 en la sala de prensa del CDA como en la antesala de cualquier partido, la diferencia es el mal momento azul, que no habl\u00f3 luego de la derrota del lunes frente a Audax y los rumores de su no renovaci\u00f3n. Pese a ello frente a una colmada sala de prensa convers\u00f3 de todo durante 25 minutos.<\/strong><!--more--><\/p>\n<p>Comenz\u00f3 la conferencia refiri\u00e9ndose a su dolorosa enfermedad y larga recuperaci\u00f3n que lo ha tenido ausente en varias ocasiones tanto en entrenamientos como en partidos oficiales en el banquillo azul. \u00abhubo complicaciones de salud, pero ya est\u00e1. Hay que dejarlo de lado\u00bb y sobre los rumores de renuncia fue claro \u00abnunca he pensando en renunciar\u00bb. Y ahond\u00f3 sobre su relaci\u00f3n con el plantel,<strong> \u00abyo estoy a gusto en el equipo, tenemos una muy buena relaci\u00f3n\u00bb<\/strong> , aclarando que eso no le asegura una renovaci\u00f3n (tema recurrente estos d\u00edas por los medios), \u00abLos dirigentes pueden no renovarme o puede ocurrir que yo me pueda marchar. Fue una decisi\u00f3n sabia (no renovar tras el t\u00edtulo). Era mejor ver como iban los acontecimientos\u00bb.<\/p>\n<p>Sobre el delicado momento por el que atraviesan todos los estamentos de Universidad de Chile fue claro en se\u00f1alar que <strong>\u00abcosas incre\u00edbles se han visto en el f\u00fatbol, pero no s\u00e9 hasta cu\u00e1nto resistir\u00e1 esto\u00bb<\/strong> asegurando que \u00abtodos los que integramos este club queremos modificar esto. Estamos en deuda con la gente. Por mi parte, yo siempre he sentido un respaldo de parte de la dirigencia y del club, y fue una decisi\u00f3n sabia de todos no tomar decisiones a futuro\u00bb. Y cuando fue consultado por alguna raz\u00f3n de este p\u00e9simo comienzo de a\u00f1o asever\u00f3 que \u201ccomenzamos el torneo sinti\u00e9ndonos campeones, y hasta el momento no nos sacudimos de esa sencaci\u00f3n, es un chip el que se debe cambiar\u201d<\/p>\n<p>Sobre el encuentro de ma\u00f1ana lo ve como \u201cu<strong>na posibilidad de cambiar el estado de \u00e1nimo- Est\u00e1 claro que ser\u00e1 un partido importante y que hay un deseo grupal de conseguir el objetivo de pasar a la siguiente fase\u00bb<\/strong>, para finalizar analiz\u00f3 el desempe\u00f1o en la copa libertadores que a su juicio ha sido en alza \u201chicimos un muy mal partido frente a emelec, frente a internacional mejoramos e hicimos un buen partido a ratos, salvo que el marcador abultado no refleja lo que fue el juego, y esperamos ma\u00f1ana despegar para as\u00ed ser competitivos en la copa\u201d.<\/p>\n<p>&nbsp;<\/p>\n","protected":false},"excerpt":{"rendered":"<p>Mart\u00edn Lasarte se sent\u00f3 en la sala de prensa del CDA como en la antesala de cualquier partido, la diferencia es el mal momento azul, que no habl\u00f3 luego de la derrota del lunes frente a Audax y los rumores de su no renovaci\u00f3n. Pese a ello frente a una colmada sala de prensa convers\u00f3 [&#8230;]<\/p>\n","protected":false},"author":21381,"featured_media":6850,"comment_status":"closed","ping_status":"open","sticky":false,"template":"","format":"standard","meta":{"footnotes":""},"categories":[18],"tags":[209,320,224,157],"class_list":{"0":"post-7018","1":"post","2":"type-post","3":"status-publish","4":"format-standard","5":"has-post-thumbnail","7":"category-actualidad","8":"tag-conferencia-de-prensa","9":"tag-copa-libertadores-2015","10":"tag-martin-lasarte","11":"tag-portada"},"_links":{"self":[{"href":"http:\/\/www.rincondelbulla.cl\/portal\/wp-json\/wp\/v2\/posts\/7018","targetHints":{"allow":["GET"]}}],"collection":[{"href":"http:\/\/www.rincondelbulla.cl\/portal\/wp-json\/wp\/v2\/posts"}],"about":[{"href":"http:\/\/www.rincondelbulla.cl\/portal\/wp-json\/wp\/v2\/types\/post"}],"author":[{"embeddable":true,"href":"http:\/\/www.rincondelbulla.cl\/portal\/wp-json\/wp\/v2\/users\/21381"}],"replies":[{"embeddable":true,"href":"http:\/\/www.rincondelbulla.cl\/portal\/wp-json\/wp\/v2\/comments?post=7018"}],"version-history":[{"count":1,"href":"http:\/\/www.rincondelbulla.cl\/portal\/wp-json\/wp\/v2\/posts\/7018\/revisions"}],"predecessor-version":[{"id":7019,"href":"http:\/\/www.rincondelbulla.cl\/portal\/wp-json\/wp\/v2\/posts\/7018\/revisions\/7019"}],"wp:featuredmedia":[{"embeddable":true,"href":"http:\/\/www.rincondelbulla.cl\/portal\/wp-json\/wp\/v2\/media\/6850"}],"wp:attachment":[{"href":"http:\/\/www.rincondelbulla.cl\/portal\/wp-json\/wp\/v2\/media?parent=7018"}],"wp:term":[{"taxonomy":"category","embeddable":true,"href":"http:\/\/www.rincondelbulla.cl\/portal\/wp-json\/wp\/v2\/categories?post=7018"},{"taxonomy":"post_tag","embeddable":true,"href":"http:\/\/www.rincondelbulla.cl\/portal\/wp-json\/wp\/v2\/tags?post=7018"}],"curies":[{"name":"wp","href":"https:\/\/api.w.org\/{rel}","templated":true}]}}