{"id":7024,"date":"2015-03-06T23:55:04","date_gmt":"2015-03-06T23:55:04","guid":{"rendered":"http:\/\/www.rincondelbulla.cl\/portal\/?p=7024"},"modified":"2015-03-07T00:00:03","modified_gmt":"2015-03-07T00:00:03","slug":"con-la-satisfaccion-de-la-libertadores-la-u-prepara-su-duelo-con-san-marcos-de-arica","status":"publish","type":"post","link":"http:\/\/www.rincondelbulla.cl\/portal\/2015\/03\/06\/con-la-satisfaccion-de-la-libertadores-la-u-prepara-su-duelo-con-san-marcos-de-arica\/","title":{"rendered":"Con la satisfacci\u00f3n de la Libertadores la \u201cU\u201d prepara su duelo con San Marcos de Arica"},"content":{"rendered":"<figure id=\"attachment_6759\" aria-describedby=\"caption-attachment-6759\" style=\"width: 1100px\" class=\"wp-caption alignnone\"><a href=\"http:\/\/www.rincondelbulla.cl\/portal\/wp-content\/uploads\/2015\/01\/plantel2015-ohiggins.jpg\"><img loading=\"lazy\" decoding=\"async\" class=\"size-full wp-image-6759\" src=\"http:\/\/www.rincondelbulla.cl\/portal\/wp-content\/uploads\/2015\/01\/plantel2015-ohiggins.jpg\" alt=\"Tras conseguir sus primeros tres puntos en Copa Libertadores, los azules preparan su encuentro frente a San Marcos de Arica. Foto: Claudio C\u00e1ceres\" width=\"1100\" height=\"700\" srcset=\"http:\/\/www.rincondelbulla.cl\/portal\/wp-content\/uploads\/2015\/01\/plantel2015-ohiggins.jpg 1100w, http:\/\/www.rincondelbulla.cl\/portal\/wp-content\/uploads\/2015\/01\/plantel2015-ohiggins-300x191.jpg 300w, http:\/\/www.rincondelbulla.cl\/portal\/wp-content\/uploads\/2015\/01\/plantel2015-ohiggins-768x489.jpg 768w, http:\/\/www.rincondelbulla.cl\/portal\/wp-content\/uploads\/2015\/01\/plantel2015-ohiggins-696x443.jpg 696w, http:\/\/www.rincondelbulla.cl\/portal\/wp-content\/uploads\/2015\/01\/plantel2015-ohiggins-1068x680.jpg 1068w, http:\/\/www.rincondelbulla.cl\/portal\/wp-content\/uploads\/2015\/01\/plantel2015-ohiggins-660x420.jpg 660w\" sizes=\"auto, (max-width: 1100px) 100vw, 1100px\" \/><\/a><figcaption id=\"caption-attachment-6759\" class=\"wp-caption-text\">Tras conseguir sus primeros tres puntos en Copa Libertadores, los azules preparan su encuentro frente a San Marcos de Arica. Foto: Claudio C\u00e1ceres<\/figcaption><\/figure>\n<p><strong>Tras su primer triunfo en el torneo continental, los jugadores azules retomaron los entrenamientos pensando en el partido de este domingo en el norte, desde las 16:00 horas.<\/strong><!--more--><\/p>\n<p>Con la satisfacci\u00f3n de haber ganado a The Strongest por Copa Libertadores, pero sabiendo que queda mucho por mejorar y demostrar, el plantel de Universidad de Chile retom\u00f3 los entrenamientos la tarde de este viernes de cara a lo que ser\u00e1 su duelo por la 10\u00b0 Fechas del Torneo de Clausura 2014-2015, frente a San Marcos de Arica en el norte del pa\u00eds.<\/p>\n<p>Para este partido, Osvaldo Gonz\u00e1lez y Cristian Suarez quedaron descartados y no se descarta la implementaci\u00f3n de un equipo alternativo pensando en recuperaciones y en la proximidad del Supercl\u00e1sico. La principal novedad ser\u00eda el retorno de Waldo Ponce a la citaci\u00f3n, quien incluso podr\u00eda entrar de titular.<\/p>\n<p>Sebasti\u00e1n Mart\u00ednez fue el encargado en el CDA de entregar las impresiones de un camar\u00edn que busca recuperar terreno y demostrar la categor\u00eda que tiene. El \u201cChino\u201d se\u00f1al\u00f3 que este triunfo ante los bolivianos les servir\u00e1 para lo an\u00edmico y para mantener las esperanzas en la Libertadores. <strong>\u201cSab\u00edamos que sino gan\u00e1bamos ya nos desped\u00edamos del torneo. Se dio, se gan\u00f3 y todo el grupo est\u00e1 contento por eso\u00bb<\/strong>, dijo Mart\u00ednez, agregando que el plantel <strong>\u00absiempre quiere ganar los partidos. Ahora se dio as\u00ed, concretamos las ocasiones que tuvimos y desperdiciamos varias, pero en este partido estuvimos bien, tuvimos buena intensidad de juego y se vio en el resultado\u00bb<\/strong>.<\/p>\n<p>El volante tambi\u00e9n se refiri\u00f3 al momento que vive el t\u00e9cnico Mart\u00edn Lasarte y las cr\u00edticas en su contra. El formado en las canteras azules declar\u00f3 que a su juicio <strong>\u00ablas cr\u00edticas eran injustas porque salimos campeones hace dos meses, pero eran v\u00e1lidas porque no se daban los resultados\u00bb<\/strong>. Sobre la postura del plantel hacia este tema, Mart\u00ednez aclar\u00f3 que <strong>\u201cel grupo ha respaldado y seguir\u00e1 respaldando a Mart\u00edn. Nosotros estamos contentos con el triunfo de ayer (jueves) \u00a0y ahora prepararemos el partido con Arica. Nosotros siempre intentamos defender a la gente que trabaja con nosotros y salimos partido tras partido para defender a cada uno de nuestros compa\u00f1eros y cuerpo t\u00e9cnico\u00bb<\/strong>.<\/p>\n<p><strong>RETOMAR EL RUMBO EN EL TORNEO NACIONAL<\/strong><\/p>\n<p>Ya pensando en el domingo frente a San Marcos de Arica y considerando el triunfo en la Copa, Sebasti\u00e1n Mart\u00ednez dijo que como grupo <strong>\u00abllegamos bien. Fue un golpe an\u00edmico inmenso para el grupo y para todo lo que se viene. Tenemos que estar tranquilos, ya se gan\u00f3 en la Libertadores y ahora pensamos en Arica\u00bb<\/strong>.<\/p>\n<p>Sobre las cualidades de los arique\u00f1os, el volante azul indic\u00f3 que <strong>\u00abtienen buenas individualidades en ofensiva. He visto varios partidos de ellos y son jugadores desequilibrantes en esa zona. Se hacen sentir de local, es un plus para ellos, pero estamos tranquilos de que podemos hacer las cosas bien\u00bb<\/strong>.<\/p>\n","protected":false},"excerpt":{"rendered":"<p>Tras su primer triunfo en el torneo continental, los jugadores azules retomaron los entrenamientos pensando en el partido de este domingo en el norte, desde las 16:00 horas.<\/p>\n","protected":false},"author":21382,"featured_media":6724,"comment_status":"closed","ping_status":"open","sticky":false,"template":"","format":"standard","meta":{"footnotes":""},"categories":[18],"tags":[454,333,320,287,224,88,157,109,356,143],"class_list":{"0":"post-7024","1":"post","2":"type-post","3":"status-publish","4":"format-standard","5":"has-post-thumbnail","7":"category-actualidad","8":"tag-actualidad","9":"tag-clausura-2014-2015","10":"tag-copa-libertadores-2015","11":"tag-cristian-suarez","12":"tag-martin-lasarte","13":"tag-osvaldo-gonzalez","14":"tag-portada","15":"tag-sebastian-martinez","16":"tag-torneo-clausura-2015","17":"tag-waldo-ponce"},"_links":{"self":[{"href":"http:\/\/www.rincondelbulla.cl\/portal\/wp-json\/wp\/v2\/posts\/7024","targetHints":{"allow":["GET"]}}],"collection":[{"href":"http:\/\/www.rincondelbulla.cl\/portal\/wp-json\/wp\/v2\/posts"}],"about":[{"href":"http:\/\/www.rincondelbulla.cl\/portal\/wp-json\/wp\/v2\/types\/post"}],"author":[{"embeddable":true,"href":"http:\/\/www.rincondelbulla.cl\/portal\/wp-json\/wp\/v2\/users\/21382"}],"replies":[{"embeddable":true,"href":"http:\/\/www.rincondelbulla.cl\/portal\/wp-json\/wp\/v2\/comments?post=7024"}],"version-history":[{"count":1,"href":"http:\/\/www.rincondelbulla.cl\/portal\/wp-json\/wp\/v2\/posts\/7024\/revisions"}],"predecessor-version":[{"id":7025,"href":"http:\/\/www.rincondelbulla.cl\/portal\/wp-json\/wp\/v2\/posts\/7024\/revisions\/7025"}],"wp:featuredmedia":[{"embeddable":true,"href":"http:\/\/www.rincondelbulla.cl\/portal\/wp-json\/wp\/v2\/media\/6724"}],"wp:attachment":[{"href":"http:\/\/www.rincondelbulla.cl\/portal\/wp-json\/wp\/v2\/media?parent=7024"}],"wp:term":[{"taxonomy":"category","embeddable":true,"href":"http:\/\/www.rincondelbulla.cl\/portal\/wp-json\/wp\/v2\/categories?post=7024"},{"taxonomy":"post_tag","embeddable":true,"href":"http:\/\/www.rincondelbulla.cl\/portal\/wp-json\/wp\/v2\/tags?post=7024"}],"curies":[{"name":"wp","href":"https:\/\/api.w.org\/{rel}","templated":true}]}}