{"id":7094,"date":"2015-03-22T00:16:23","date_gmt":"2015-03-22T00:16:23","guid":{"rendered":"http:\/\/www.rincondelbulla.cl\/portal\/?p=7094"},"modified":"2016-02-25T13:41:09","modified_gmt":"2016-02-25T13:41:09","slug":"la-previa-una-u-sin-motivaciones-enfrentara-a-palestino","status":"publish","type":"post","link":"http:\/\/www.rincondelbulla.cl\/portal\/2015\/03\/22\/la-previa-una-u-sin-motivaciones-enfrentara-a-palestino\/","title":{"rendered":"La previa: Una \u00abU\u00bb sin motivaciones enfrentar\u00e1 a Palestino"},"content":{"rendered":"<figure id=\"attachment_5845\" aria-describedby=\"caption-attachment-5845\" style=\"width: 1100px\" class=\"wp-caption alignnone\"><a href=\"http:\/\/www.rincondelbulla.cl\/portal\/wp-content\/uploads\/2014\/10\/vspalestino.jpg\"><img loading=\"lazy\" decoding=\"async\" class=\"size-full wp-image-5845\" src=\"http:\/\/www.rincondelbulla.cl\/portal\/wp-content\/uploads\/2014\/10\/vspalestino.jpg\" alt=\"Azules y \u00e1rabes buscar\u00e1n el triunfo para salir del fondo de la tabla.\" width=\"1100\" height=\"700\" srcset=\"http:\/\/www.rincondelbulla.cl\/portal\/wp-content\/uploads\/2014\/10\/vspalestino.jpg 1100w, http:\/\/www.rincondelbulla.cl\/portal\/wp-content\/uploads\/2014\/10\/vspalestino-300x191.jpg 300w, http:\/\/www.rincondelbulla.cl\/portal\/wp-content\/uploads\/2014\/10\/vspalestino-768x489.jpg 768w, http:\/\/www.rincondelbulla.cl\/portal\/wp-content\/uploads\/2014\/10\/vspalestino-696x443.jpg 696w, http:\/\/www.rincondelbulla.cl\/portal\/wp-content\/uploads\/2014\/10\/vspalestino-1068x680.jpg 1068w, http:\/\/www.rincondelbulla.cl\/portal\/wp-content\/uploads\/2014\/10\/vspalestino-660x420.jpg 660w\" sizes=\"auto, (max-width: 1100px) 100vw, 1100px\" \/><\/a><figcaption id=\"caption-attachment-5845\" class=\"wp-caption-text\">Azules y \u00e1rabes buscar\u00e1n el triunfo para salir del fondo de la tabla.<\/figcaption><\/figure>\n<p><strong>Ya totalmente fuera de la lucha por el campeonato, los azules chocar\u00e1n ante el cuadro \u00e1rabe por la d\u00e9cimo segunda fecha del Clausura.<\/strong><br \/>\n<!--more--><\/p>\n<p>Desde las 12 horas del domingo en el Estadio Santa Laura, Universidad de Chile visitar\u00e1 a Palestino en el Estadio Santa Laura con el arbitraje de Jorge Osorio.<\/p>\n<p>Los azules intentar\u00e1n reponerse de las ca\u00eddas de la semana pasada en el supercl\u00e1sico y a mitad de semana en Bolivia por Copa Libertadores, y sumar puntos que lo hagan escalar en la tabla, considerando que apenas se ubica antepen\u00faltimo con 11 puntos.<\/p>\n<p>En frente estar\u00e1 un Palestino que este semestre ha estado m\u00e1s preocupado de su participaci\u00f3n en Copa Libertadores, lo que se grafica en su ubicaci\u00f3n en la tabla: colista junto a Barnechea con 9 puntos.<\/p>\n<p><strong>Formaci\u00f3n de la \u201cU\u201d<\/strong><\/p>\n<p>Varios cambios realizar\u00e1 \u201cMachete\u201d Lasarte en cuanto a la formaci\u00f3n que m\u00e1s habitualmente juega. Sorpresa ser\u00e1n Ort\u00edz y \u201cChester\u201d Cort\u00e9s desde el inicio, as\u00ed como las vueltas de \u201cRocky\u201d al once inicial y de Waldo Ponce a la lista de citados.<\/p>\n<p>De esta manera, los azules saldr\u00edan con Johnny Herrera; Paulo Magalhaes, Osvaldo Gonz\u00e1lez, Benjam\u00edn Vidal, Joao Ort\u00edz; Guzm\u00e1n Pereira, Sebasti\u00e1n Mart\u00ednez, Gustavo Lorenzetti; Sebasti\u00e1n Ubilla, Gustavo Canales y C\u00e9sar Cort\u00e9s.<\/p>\n<p><strong>Estad\u00edsticas<\/strong><\/p>\n<p>La \u00faltima vez que ambos equipos se enfrentaron fue el 26 de octubre del a\u00f1o pasado, cuando en el Nacional la \u201cU\u201d se impuso por 2-1 con goles de Enzo Guti\u00e9rrez y Patricio Rubio.<\/p>\n<p>En tanto, en Santa Laura no chocan desde el 10 de enero de 2014, cuando los tetracolores se impusieorn por 1-0 con anotaci\u00f3n del ex azul Juan Ignacio Duma.<\/p>\n<p>En cuanto al historial, de 132 partidos por torneos nacionales, la \u201cU\u201d gan\u00f3 64, perdi\u00f3 38 y empat\u00f3 30, con 244 goles a favor, 170 en contra y un 63% de rendimiento.<\/p>\n<p><strong>Entradas<\/strong><\/p>\n<p>Para este partido las entradas para sectores neutrales, tales como Bajo Marquesina y Andes, pueden adquirirse a trav\u00e9s del sistema ticketpro.cl. En tanto, los sectores destinados a los hinchas azules, como Galer\u00eda sur, Galer\u00eda norte y Tribuna lateral norte, se vendieron hasta hoy en las boleter\u00edas del Estadio Nacional.<\/p>\n<p>Los precios son: Galer\u00edas $5.600, Andes $9.000, Tribuna lateral norte $16.800 y Bajo Marquesina $22.400.<\/p>\n<p><strong>Transmisi\u00f3n<\/strong><\/p>\n<p>El partido ser\u00e1 transmitido en vivo por CDF Premium y CDF HD con media hora de previa. Tambi\u00e9n podr\u00e1s seguir el minuto a minuto en el fan page de Rinc\u00f3n del Bulla.<\/p>\n","protected":false},"excerpt":{"rendered":"<p>Ya totalmente fuera de la lucha por el campeonato, los azules chocar\u00e1n ante el cuadro \u00e1rabe por la d\u00e9cimo segunda fecha del Clausura.<\/p>\n","protected":false},"author":21380,"featured_media":5845,"comment_status":"closed","ping_status":"open","sticky":false,"template":"","format":"standard","meta":{"footnotes":""},"categories":[18,1],"tags":[454,37,157],"class_list":{"0":"post-7094","1":"post","2":"type-post","3":"status-publish","4":"format-standard","5":"has-post-thumbnail","7":"category-actualidad","8":"category-sin-categoria","9":"tag-actualidad","10":"tag-la-previa","11":"tag-portada"},"_links":{"self":[{"href":"http:\/\/www.rincondelbulla.cl\/portal\/wp-json\/wp\/v2\/posts\/7094","targetHints":{"allow":["GET"]}}],"collection":[{"href":"http:\/\/www.rincondelbulla.cl\/portal\/wp-json\/wp\/v2\/posts"}],"about":[{"href":"http:\/\/www.rincondelbulla.cl\/portal\/wp-json\/wp\/v2\/types\/post"}],"author":[{"embeddable":true,"href":"http:\/\/www.rincondelbulla.cl\/portal\/wp-json\/wp\/v2\/users\/21380"}],"replies":[{"embeddable":true,"href":"http:\/\/www.rincondelbulla.cl\/portal\/wp-json\/wp\/v2\/comments?post=7094"}],"version-history":[{"count":2,"href":"http:\/\/www.rincondelbulla.cl\/portal\/wp-json\/wp\/v2\/posts\/7094\/revisions"}],"predecessor-version":[{"id":7096,"href":"http:\/\/www.rincondelbulla.cl\/portal\/wp-json\/wp\/v2\/posts\/7094\/revisions\/7096"}],"wp:featuredmedia":[{"embeddable":true,"href":"http:\/\/www.rincondelbulla.cl\/portal\/wp-json\/wp\/v2\/media\/5845"}],"wp:attachment":[{"href":"http:\/\/www.rincondelbulla.cl\/portal\/wp-json\/wp\/v2\/media?parent=7094"}],"wp:term":[{"taxonomy":"category","embeddable":true,"href":"http:\/\/www.rincondelbulla.cl\/portal\/wp-json\/wp\/v2\/categories?post=7094"},{"taxonomy":"post_tag","embeddable":true,"href":"http:\/\/www.rincondelbulla.cl\/portal\/wp-json\/wp\/v2\/tags?post=7094"}],"curies":[{"name":"wp","href":"https:\/\/api.w.org\/{rel}","templated":true}]}}