{"id":7097,"date":"2015-03-23T14:53:07","date_gmt":"2015-03-23T14:53:07","guid":{"rendered":"http:\/\/www.rincondelbulla.cl\/portal\/?p=7097"},"modified":"2015-03-23T14:53:07","modified_gmt":"2015-03-23T14:53:07","slug":"marca-personal-un-triunfo-para-subir-la-moral","status":"publish","type":"post","link":"http:\/\/www.rincondelbulla.cl\/portal\/2015\/03\/23\/marca-personal-un-triunfo-para-subir-la-moral\/","title":{"rendered":"Marca Personal: un triunfo para subir la moral"},"content":{"rendered":"<figure id=\"attachment_6363\" aria-describedby=\"caption-attachment-6363\" style=\"width: 1100px\" class=\"wp-caption alignnone\"><a href=\"http:\/\/www.rincondelbulla.cl\/portal\/wp-content\/uploads\/2014\/12\/canales4.jpg\"><img loading=\"lazy\" decoding=\"async\" class=\"size-full wp-image-6363\" src=\"http:\/\/www.rincondelbulla.cl\/portal\/wp-content\/uploads\/2014\/12\/canales4.jpg\" alt=\"Foto: Patricio Gonz\u00e1lez\" width=\"1100\" height=\"700\" srcset=\"http:\/\/www.rincondelbulla.cl\/portal\/wp-content\/uploads\/2014\/12\/canales4.jpg 1100w, http:\/\/www.rincondelbulla.cl\/portal\/wp-content\/uploads\/2014\/12\/canales4-300x191.jpg 300w, http:\/\/www.rincondelbulla.cl\/portal\/wp-content\/uploads\/2014\/12\/canales4-768x489.jpg 768w, http:\/\/www.rincondelbulla.cl\/portal\/wp-content\/uploads\/2014\/12\/canales4-696x443.jpg 696w, http:\/\/www.rincondelbulla.cl\/portal\/wp-content\/uploads\/2014\/12\/canales4-1068x680.jpg 1068w, http:\/\/www.rincondelbulla.cl\/portal\/wp-content\/uploads\/2014\/12\/canales4-660x420.jpg 660w\" sizes=\"auto, (max-width: 1100px) 100vw, 1100px\" \/><\/a><figcaption id=\"caption-attachment-6363\" class=\"wp-caption-text\">Foto: Patricio Gonz\u00e1lez<\/figcaption><\/figure>\n<p><strong>Sin estar peleando nada en el torneo nacional, y con la misi\u00f3n de jugar solamente por los colores, la Universidad de Chile volvi\u00f3 al triunfo de manera contundente frente a Palestino.<\/strong><!--more--><\/p>\n<p>Fue un partido distinto, ya no se estaba luchando por nada m\u00e1s que el honor, aunque eso debiera bastar y sobrar para poner actitud y luchar hasta el final. Los azules se impusieron por un contundente 3-1, se vio a los jugadores con mejores rendimientos individuales, y esperemos que esto signifique la mejora definitiva y en este final de semestre hagan una competitiva copa libertadores y un final de torneo donde se rescaten la mayor cantidad de puntos. Adem\u00e1s el encuentro de ayer signific\u00f3 la vuelta a las canchas del gran Waldo Ponce, este es el Rinc\u00f3nDelBulla:<\/p>\n<p>&nbsp;<\/p>\n<p><strong>25.-Johnny Herrera:<\/strong> Cumplio cuando fue requerido, en el gol se lesiono y no va a la selecci\u00f3n.. Nota: 5.0<\/p>\n<p><strong>5.-Paulo Magalhaes:<\/strong> Buen partido en lo defensivo. Nota 5.0<\/p>\n<p><strong>2.-Benjam\u00edn Vidal:<\/strong> Mejor\u00f3 mucho a lo mostrado en Bolivia, pero no pudo sostener el alza ya que sali\u00f3 lesionado en el primer tiempo.. Nota 5.0<\/p>\n<p><strong>4.-Osvaldo Gonzales:<\/strong>Luego de un tiempo fuera volvi\u00f3 y demostr\u00f3 solidez. . Nota 5.0<\/p>\n<p><strong>17.-Joao Ortiz<\/strong>: Al fin un especialista en el puesto de Lateral Izquierdo. Nota 5.0<\/p>\n<p><strong>6.-Sebasti\u00e1n Martinez:<\/strong> Bajo las ordenes de Lasarte ha cambiado para mejor el joven volante azul, ya no solo es un volante de quite se suma de muy buena manera en ataque. Nota 6.0<\/p>\n<p><strong>26.-Guzm\u00e1n Pereira:<\/strong> Sigue siendo uno de los puntos altos azules. Nota 6.0<\/p>\n<p><strong>18. Maxi Rodriguez:<\/strong> El primer uruguayo en 100 a\u00f1os que no tiene sangre. Nota 2.0<\/p>\n<p><strong>22.-Gustavo Lorenzetti:<\/strong> viene en alza el duende, se quiere despedir de la mejor forma de la gloriosa. Nota 6.0<\/p>\n<p><strong>11.-Sebasti\u00e1n Ubilla:<\/strong> No hizo un buen partido. Nota 4.0<\/p>\n<p><strong>19.-Gustavo Canales:<\/strong> Genio y figura, dos golazos y se retir\u00f3 entre aplausos. Nota 6.5<\/p>\n<p><strong>Cambios<\/strong><\/p>\n<p><strong>3.-Waldo Ponce(37 por Vidal):<\/strong> Se le noto los 7 meses de ausencia, pese a eso no hizo un mal partido.. Nota 4.5<\/p>\n<p><strong>9.-Enzo Gutierrez (69&#8242; por Maxi Rodriguez):<\/strong> Por ganas no se queda el Enzo y a los pocos minutos corri\u00f3 m\u00e1s que Maxi en todo el tiempo que estuvo en cancha. Nota 5.0<\/p>\n<p><strong>27.-Leandro Benegas (73&#8242; por Canales):<\/strong> Siempre entra con ganas de pelear cada pelota, un luchador. Nota 5.0<\/p>\n","protected":false},"excerpt":{"rendered":"<p>Sin estar peleando nada en el torneo nacional, y con la misi\u00f3n de jugar solamente por los colores, la Universidad de Chile volvi\u00f3 al triunfo de manera contundente frente a Palestino.<\/p>\n","protected":false},"author":21381,"featured_media":5794,"comment_status":"closed","ping_status":"open","sticky":false,"template":"","format":"standard","meta":{"footnotes":""},"categories":[18],"tags":[333,43],"class_list":{"0":"post-7097","1":"post","2":"type-post","3":"status-publish","4":"format-standard","5":"has-post-thumbnail","7":"category-actualidad","8":"tag-clausura-2014-2015","9":"tag-marca-personal"},"_links":{"self":[{"href":"http:\/\/www.rincondelbulla.cl\/portal\/wp-json\/wp\/v2\/posts\/7097","targetHints":{"allow":["GET"]}}],"collection":[{"href":"http:\/\/www.rincondelbulla.cl\/portal\/wp-json\/wp\/v2\/posts"}],"about":[{"href":"http:\/\/www.rincondelbulla.cl\/portal\/wp-json\/wp\/v2\/types\/post"}],"author":[{"embeddable":true,"href":"http:\/\/www.rincondelbulla.cl\/portal\/wp-json\/wp\/v2\/users\/21381"}],"replies":[{"embeddable":true,"href":"http:\/\/www.rincondelbulla.cl\/portal\/wp-json\/wp\/v2\/comments?post=7097"}],"version-history":[{"count":1,"href":"http:\/\/www.rincondelbulla.cl\/portal\/wp-json\/wp\/v2\/posts\/7097\/revisions"}],"predecessor-version":[{"id":7098,"href":"http:\/\/www.rincondelbulla.cl\/portal\/wp-json\/wp\/v2\/posts\/7097\/revisions\/7098"}],"wp:featuredmedia":[{"embeddable":true,"href":"http:\/\/www.rincondelbulla.cl\/portal\/wp-json\/wp\/v2\/media\/5794"}],"wp:attachment":[{"href":"http:\/\/www.rincondelbulla.cl\/portal\/wp-json\/wp\/v2\/media?parent=7097"}],"wp:term":[{"taxonomy":"category","embeddable":true,"href":"http:\/\/www.rincondelbulla.cl\/portal\/wp-json\/wp\/v2\/categories?post=7097"},{"taxonomy":"post_tag","embeddable":true,"href":"http:\/\/www.rincondelbulla.cl\/portal\/wp-json\/wp\/v2\/tags?post=7097"}],"curies":[{"name":"wp","href":"https:\/\/api.w.org\/{rel}","templated":true}]}}