{"id":7140,"date":"2015-04-07T17:03:16","date_gmt":"2015-04-07T17:03:16","guid":{"rendered":"http:\/\/www.rincondelbulla.cl\/portal\/?p=7140"},"modified":"2015-04-07T17:07:49","modified_gmt":"2015-04-07T17:07:49","slug":"ubilla-es-como-si-en-dos-meses-se-nos-hubiera-olvidado-jugar","status":"publish","type":"post","link":"http:\/\/www.rincondelbulla.cl\/portal\/2015\/04\/07\/ubilla-es-como-si-en-dos-meses-se-nos-hubiera-olvidado-jugar\/","title":{"rendered":"Ubilla: \u00abes como si en dos meses se nos hubiera olvidado jugar\u00bb"},"content":{"rendered":"<p><a href=\"http:\/\/www.rincondelbulla.cl\/portal\/wp-content\/uploads\/2015\/04\/ubilla1.jpg\"><img loading=\"lazy\" decoding=\"async\" class=\"alignnone size-full wp-image-7143\" src=\"http:\/\/www.rincondelbulla.cl\/portal\/wp-content\/uploads\/2015\/04\/ubilla1.jpg\" alt=\"ubilla1\" width=\"1100\" height=\"733\" srcset=\"http:\/\/www.rincondelbulla.cl\/portal\/wp-content\/uploads\/2015\/04\/ubilla1.jpg 1100w, http:\/\/www.rincondelbulla.cl\/portal\/wp-content\/uploads\/2015\/04\/ubilla1-300x200.jpg 300w, http:\/\/www.rincondelbulla.cl\/portal\/wp-content\/uploads\/2015\/04\/ubilla1-768x512.jpg 768w, http:\/\/www.rincondelbulla.cl\/portal\/wp-content\/uploads\/2015\/04\/ubilla1-696x464.jpg 696w, http:\/\/www.rincondelbulla.cl\/portal\/wp-content\/uploads\/2015\/04\/ubilla1-1068x712.jpg 1068w, http:\/\/www.rincondelbulla.cl\/portal\/wp-content\/uploads\/2015\/04\/ubilla1-630x420.jpg 630w\" sizes=\"auto, (max-width: 1100px) 100vw, 1100px\" \/><\/a><\/p>\n<p><strong>Luego del entrenamiento de hoy en el CDA Sebasti\u00e1n Ubilla se dirigi\u00f3 a la sala de prensa y asegur\u00f3 que el plantel junto a \u201dLasarte queremos una revancha en el pr\u00f3ximo torneo\u201d<\/strong><!--more--><\/p>\n<p>Comenz\u00f3 la conferencia refiri\u00e9ndose al buen partido realizado en San Carlos, \u00abEl partido contra Cat\u00f3lica fue bueno. <strong>Fuimos inteligentes para jugar. Resguardamos el arco y sab\u00edamos que iba a haber espacios despu\u00e9s y hab\u00eda que aprovecharlos.<\/strong> Fue un partido inteligente de nuestra parte\u00bb afirm\u00f3.<\/p>\n<p>Consultado sobre la renovaci\u00f3n del cuerpo t\u00e9cnico le hizo una finta a los periodistas presentes, tal como se la hizo a Pulgar antes de marcar el 3-1 azul, \u00abEs un tema de los dirigentes y en eso no nos metemos. Con el cuerpo t\u00e9cnico estamos bien y c\u00f3modos. A t\u00edtulo personal, me gustar\u00eda que siguiera Mart\u00edn\u00bb sali\u00f3 jugando para rematar con \u00abUno siente tranquilidad, cuando sabe qu\u00e9 va pasar en el futuro. Cuando hay incertidumbre es complicado trabajar o irse de vacaciones. Es cosa de los dirigentes cerrar las cosas r\u00e1pido para el pr\u00f3ximo a\u00f1o. Hicimos un campeonato malo y queremos la revancha en el pr\u00f3ximo campeonato. Mart\u00edn piensa igual que nosotros y tambi\u00e9n quiere una revancha\u00bb.<\/p>\n<p>Sobre el mal momento azul asever\u00f3<strong> \u201cEs como que despu\u00e9s de salir campeones a los dos meses se nos hubiera olvidado jugar, pero adem\u00e1s hemos tenido mala suerte, pelotas que antes pegaban en el palo de Johnny ahora entran, y adem\u00e1s todos hemos mostrado un nivel muy bajo\u201d<\/strong> cerrando el tema del irregular semestre del Rom\u00e1ntico Viajero.<\/p>\n<p>Consultado sobre lo que significa jugar frente al Cobreloa de Marco Antonio Figueroa, ex t\u00e9cnico azul, \u00abno tiene nada de especial (el encuentro), s\u00f3lo queremos ganar\u00bb agregando que \u00abEs un t\u00e9cnico que trabaja muy bien, pero que lamentablemente no se dieron los resultados\u00bb<\/p>\n","protected":false},"excerpt":{"rendered":"<p>Luego del entrenamiento de hoy en el CDA Sebasti\u00e1n Ubilla se dirigi\u00f3 a la sala de prensa y asegur\u00f3 que el plantel junto a \u201dLasarte queremos una revancha en el pr\u00f3ximo torneo\u201d<\/p>\n","protected":false},"author":21381,"featured_media":7143,"comment_status":"closed","ping_status":"open","sticky":false,"template":"","format":"standard","meta":{"footnotes":""},"categories":[18],"tags":[209,118],"class_list":{"0":"post-7140","1":"post","2":"type-post","3":"status-publish","4":"format-standard","5":"has-post-thumbnail","7":"category-actualidad","8":"tag-conferencia-de-prensa","9":"tag-sebastian-ubilla"},"_links":{"self":[{"href":"http:\/\/www.rincondelbulla.cl\/portal\/wp-json\/wp\/v2\/posts\/7140","targetHints":{"allow":["GET"]}}],"collection":[{"href":"http:\/\/www.rincondelbulla.cl\/portal\/wp-json\/wp\/v2\/posts"}],"about":[{"href":"http:\/\/www.rincondelbulla.cl\/portal\/wp-json\/wp\/v2\/types\/post"}],"author":[{"embeddable":true,"href":"http:\/\/www.rincondelbulla.cl\/portal\/wp-json\/wp\/v2\/users\/21381"}],"replies":[{"embeddable":true,"href":"http:\/\/www.rincondelbulla.cl\/portal\/wp-json\/wp\/v2\/comments?post=7140"}],"version-history":[{"count":3,"href":"http:\/\/www.rincondelbulla.cl\/portal\/wp-json\/wp\/v2\/posts\/7140\/revisions"}],"predecessor-version":[{"id":7144,"href":"http:\/\/www.rincondelbulla.cl\/portal\/wp-json\/wp\/v2\/posts\/7140\/revisions\/7144"}],"wp:featuredmedia":[{"embeddable":true,"href":"http:\/\/www.rincondelbulla.cl\/portal\/wp-json\/wp\/v2\/media\/7143"}],"wp:attachment":[{"href":"http:\/\/www.rincondelbulla.cl\/portal\/wp-json\/wp\/v2\/media?parent=7140"}],"wp:term":[{"taxonomy":"category","embeddable":true,"href":"http:\/\/www.rincondelbulla.cl\/portal\/wp-json\/wp\/v2\/categories?post=7140"},{"taxonomy":"post_tag","embeddable":true,"href":"http:\/\/www.rincondelbulla.cl\/portal\/wp-json\/wp\/v2\/tags?post=7140"}],"curies":[{"name":"wp","href":"https:\/\/api.w.org\/{rel}","templated":true}]}}