{"id":7190,"date":"2015-04-21T14:03:50","date_gmt":"2015-04-21T14:03:50","guid":{"rendered":"http:\/\/www.rincondelbulla.cl\/portal\/?p=7190"},"modified":"2015-04-21T17:56:16","modified_gmt":"2015-04-21T17:56:16","slug":"programacion-a-llenar-el-nacional-universidad-de-chile-vs-nublense-por-el-honor-y-algo-mas","status":"publish","type":"post","link":"http:\/\/www.rincondelbulla.cl\/portal\/2015\/04\/21\/programacion-a-llenar-el-nacional-universidad-de-chile-vs-nublense-por-el-honor-y-algo-mas\/","title":{"rendered":"[Programaci\u00f3n] La U en el Nacional : Universidad de Chile vs \u00d1ublense por el honor y algo m\u00e1s"},"content":{"rendered":"<figure id=\"attachment_7158\" aria-describedby=\"caption-attachment-7158\" style=\"width: 1200px\" class=\"wp-caption alignnone\"><a href=\"http:\/\/www.rincondelbulla.cl\/portal\/wp-content\/uploads\/2015\/04\/IMG_93721.jpg\"><img loading=\"lazy\" decoding=\"async\" class=\"size-full wp-image-7158\" src=\"http:\/\/www.rincondelbulla.cl\/portal\/wp-content\/uploads\/2015\/04\/IMG_93721.jpg\" alt=\"La U ya suma cuatro victorias consecutivas en el torneo nacional\" width=\"1200\" height=\"800\" srcset=\"http:\/\/www.rincondelbulla.cl\/portal\/wp-content\/uploads\/2015\/04\/IMG_93721.jpg 1200w, http:\/\/www.rincondelbulla.cl\/portal\/wp-content\/uploads\/2015\/04\/IMG_93721-300x200.jpg 300w, http:\/\/www.rincondelbulla.cl\/portal\/wp-content\/uploads\/2015\/04\/IMG_93721-768x512.jpg 768w, http:\/\/www.rincondelbulla.cl\/portal\/wp-content\/uploads\/2015\/04\/IMG_93721-696x464.jpg 696w, http:\/\/www.rincondelbulla.cl\/portal\/wp-content\/uploads\/2015\/04\/IMG_93721-1068x712.jpg 1068w, http:\/\/www.rincondelbulla.cl\/portal\/wp-content\/uploads\/2015\/04\/IMG_93721-630x420.jpg 630w\" sizes=\"auto, (max-width: 1200px) 100vw, 1200px\" \/><\/a><figcaption id=\"caption-attachment-7158\" class=\"wp-caption-text\">La U ya suma cuatro victorias consecutivas en el torneo nacional y buscar\u00e1 sumar la quinta ante el cuadro de Chill\u00e1n<\/figcaption><\/figure>\n<p><strong>Luego de una abultada victoria de la U ante el descendido Barnechea, los azules ya preparan una nueva semana de f\u00fatbol, a solo dos fechas de que termine el torneo. Al mediod\u00eda del domingo 26 de abril, Universidad de Chile recibir\u00e1 en el Estadio Nacional a \u00d1ublense, con el fin de sumar una nueva victoria.<\/strong><\/p>\n<p><!--more--><\/p>\n<p>Cuando menos se esperaba, Universidad de Chile logr\u00f3 optimizar su nivel de juego y alcanzar una sinton\u00eda como equipo digna de un campe\u00f3n. A siete puntos del l\u00edder y dos jornadas por jugarse, al equipo le falt\u00f3 torneo para revalidar el t\u00edtulo, sin embargo los dirig\u00eddos de Machete esperan terminar en lo m\u00e1s alto posible, por el honor y por algo m\u00e1s.<\/p>\n<p>Se trata de la Supercopa en la cual se enfrentar\u00edan Universidad de Concepci\u00f3n -como campe\u00f3n de Copa Chile- y el l\u00edder de la tabla acumulada, que actualmente comparten Universidad de Chile y Colo Colo, con misma cantidad de puntos. Por esto ser\u00e1 fundamental seguir sumando de a tres en las dos fechas restantes, para al menos disputar esta final y por qu\u00e9 no, campeonar.<\/p>\n<p>Cabe destacar que el cuadro del Rom\u00e1ntico Viajero, tendr\u00e1 un par\u00e9ntesis en la semana al enfrentar su \u00faltimo partido de la <strong>Copa Libertadores,<\/strong> ante <strong>Emelec<\/strong> en Ecuador. Con el equipo ya sin posibilidades de pasar a segunda ronda, la U solamente espera despedirse del torneo con la frente en alto e intentar\u00e1 sumar una victoria para ello. Un dato que preocupa en la tienda azul, es que el goleador del momento, <strong>Gustavo Canales<\/strong>, no viaj\u00f3 con sus compa\u00f1eros. Esto, por una dolencia en el tobillo, luego de un golpe sufrido en el partido ante Barnechea. Hasta el momento no se ha informado de nada serio, y se tratar\u00eda solo de precauci\u00f3n por parte del cuerpo m\u00e9dico.<\/p>\n<p>As\u00ed comienza a prepararse una nueva jornada en el que la U en el sexto lugar, enfrentar\u00e1 a un \u00d1ublense que asoma como uno de los colistas en la tabla, en el d\u00e9cimo sexto lugar. Cabe destacar que las entradas para asistir ya se encuentran disponibles en el sitio oficial de PuntoTicket, al cual puedes acceder <strong><a href=\"http:\/\/puntoticket.com\/Evento.aspx?EventoID=UCH053\">AQU\u00cd<\/a><\/strong>.<\/p>\n<p>Con respecto al resto de la <strong>Programaci\u00f3n<\/strong>:<\/p>\n<p><strong>S\u00e1bado 25 de abril<\/strong><\/p>\n<p>Palestino &#8211; U. Espa\u00f1ola. 16:00 hrs. La Cisterna<\/p>\n<p>S. Wanderers &#8211; U. La Calera. 17:30 hrs. Bicentenario El\u00edas Figueroa<\/p>\n<p>Antofagasta &#8211; U. de Conce. 17:30 hrs. Calvo y Bascu\u00f1an<\/p>\n<p>Huachipato &#8211; SM Arica. 20:00 hrs. CAP<\/p>\n<p><strong>Domingo 26 de abril<\/strong><\/p>\n<p>A. Italiano &#8211; O&#8217;Higgins. 12:00 hrs. Bicentenario La Florida<\/p>\n<p>Cobreloa &#8211; Colo Colo. 12:o0 hrs. Zorros del desierto<\/p>\n<p>Cobresal &#8211; Barnechea. 16:30 hrs. El Cobre<\/p>\n<p>U. Cat\u00f3lica &#8211; D. Iquique. 16:30 horas. San Carlos<\/p>\n<p>&nbsp;<\/p>\n<p>&nbsp;<\/p>\n<p>&nbsp;<\/p>\n","protected":false},"excerpt":{"rendered":"<p>Luego de una abultada victoria de la U ante el descendido Barnechea, los azules ya preparan una nueva semana de f\u00fatbol, a solo dos fechas de que termine el torneo. Al mediod\u00eda del domingo 26 de abril, Universidad de Chile recibir\u00e1 en el Estadio Nacional a \u00d1ublense, con el fin de sumar una nueva victoria.<\/p>\n","protected":false},"author":21383,"featured_media":7158,"comment_status":"closed","ping_status":"open","sticky":false,"template":"","format":"standard","meta":{"footnotes":""},"categories":[18],"tags":[],"class_list":{"0":"post-7190","1":"post","2":"type-post","3":"status-publish","4":"format-standard","5":"has-post-thumbnail","7":"category-actualidad"},"_links":{"self":[{"href":"http:\/\/www.rincondelbulla.cl\/portal\/wp-json\/wp\/v2\/posts\/7190","targetHints":{"allow":["GET"]}}],"collection":[{"href":"http:\/\/www.rincondelbulla.cl\/portal\/wp-json\/wp\/v2\/posts"}],"about":[{"href":"http:\/\/www.rincondelbulla.cl\/portal\/wp-json\/wp\/v2\/types\/post"}],"author":[{"embeddable":true,"href":"http:\/\/www.rincondelbulla.cl\/portal\/wp-json\/wp\/v2\/users\/21383"}],"replies":[{"embeddable":true,"href":"http:\/\/www.rincondelbulla.cl\/portal\/wp-json\/wp\/v2\/comments?post=7190"}],"version-history":[{"count":2,"href":"http:\/\/www.rincondelbulla.cl\/portal\/wp-json\/wp\/v2\/posts\/7190\/revisions"}],"predecessor-version":[{"id":7198,"href":"http:\/\/www.rincondelbulla.cl\/portal\/wp-json\/wp\/v2\/posts\/7190\/revisions\/7198"}],"wp:featuredmedia":[{"embeddable":true,"href":"http:\/\/www.rincondelbulla.cl\/portal\/wp-json\/wp\/v2\/media\/7158"}],"wp:attachment":[{"href":"http:\/\/www.rincondelbulla.cl\/portal\/wp-json\/wp\/v2\/media?parent=7190"}],"wp:term":[{"taxonomy":"category","embeddable":true,"href":"http:\/\/www.rincondelbulla.cl\/portal\/wp-json\/wp\/v2\/categories?post=7190"},{"taxonomy":"post_tag","embeddable":true,"href":"http:\/\/www.rincondelbulla.cl\/portal\/wp-json\/wp\/v2\/tags?post=7190"}],"curies":[{"name":"wp","href":"https:\/\/api.w.org\/{rel}","templated":true}]}}