{"id":7195,"date":"2015-04-21T14:08:43","date_gmt":"2015-04-21T14:08:43","guid":{"rendered":"http:\/\/www.rincondelbulla.cl\/portal\/?p=7195"},"modified":"2015-04-21T17:57:06","modified_gmt":"2015-04-21T17:57:06","slug":"azul-azul-no-vendera-galerias-para-el-partido-ante-nublense","status":"publish","type":"post","link":"http:\/\/www.rincondelbulla.cl\/portal\/2015\/04\/21\/azul-azul-no-vendera-galerias-para-el-partido-ante-nublense\/","title":{"rendered":"\u00bf A llenar el Nacional ?Azul Azul no vender\u00e1 galer\u00edas para el partido ante \u00d1ublense"},"content":{"rendered":"<figure id=\"attachment_6769\" aria-describedby=\"caption-attachment-6769\" style=\"width: 1100px\" class=\"wp-caption aligncenter\"><a href=\"http:\/\/www.rincondelbulla.cl\/portal\/wp-content\/uploads\/2015\/01\/Hinchada6.jpg\"><img loading=\"lazy\" decoding=\"async\" class=\"size-full wp-image-6769\" src=\"http:\/\/www.rincondelbulla.cl\/portal\/wp-content\/uploads\/2015\/01\/Hinchada6.jpg\" alt=\"Foto: Claudio C\u00e1ceres\" width=\"1100\" height=\"700\" srcset=\"http:\/\/www.rincondelbulla.cl\/portal\/wp-content\/uploads\/2015\/01\/Hinchada6.jpg 1100w, http:\/\/www.rincondelbulla.cl\/portal\/wp-content\/uploads\/2015\/01\/Hinchada6-300x191.jpg 300w, http:\/\/www.rincondelbulla.cl\/portal\/wp-content\/uploads\/2015\/01\/Hinchada6-768x489.jpg 768w, http:\/\/www.rincondelbulla.cl\/portal\/wp-content\/uploads\/2015\/01\/Hinchada6-696x443.jpg 696w, http:\/\/www.rincondelbulla.cl\/portal\/wp-content\/uploads\/2015\/01\/Hinchada6-1068x680.jpg 1068w, http:\/\/www.rincondelbulla.cl\/portal\/wp-content\/uploads\/2015\/01\/Hinchada6-660x420.jpg 660w\" sizes=\"auto, (max-width: 1100px) 100vw, 1100px\" \/><\/a><figcaption id=\"caption-attachment-6769\" class=\"wp-caption-text\">Foto: Claudio C\u00e1ceres<\/figcaption><\/figure>\n<p><strong>Est\u00e1 medida se toma tras el encendido de bengalas y lanzamiento de fuegos de artificio en el partido ante Inter de porto Alegre.<\/strong><br \/>\n<!--more--><\/p>\n<p>&nbsp;<\/p>\n<p class=\"p1\"><span class=\"s1\">Pese a que la U ya perd\u00eda por goleada ante los brasile\u00f1os de Internacional de Porto Alegre, la hinchada azul cantaba y segu\u00eda alentando al equipo, incluso se encendieron bengalas y se lanzaron fuegos de ratifico mientras se disputaba el encuentro. <\/span><\/p>\n<p class=\"p1\"><span class=\"s1\">Esto trajo consigo las primeras consecuencias y es que para el partido programado para el domingo 26 de abril a las 12:00 hrs. ante \u00d1ublense, la dirigencia de Azul Azul decidi\u00f3 <strong>no vender entradas para el sector galer\u00eda y s\u00f3lo podr\u00e1n acceder a estas localidades quienes se encuentren en calidad de abonados.<\/strong><\/span><\/p>\n<p class=\"p1\"><span class=\"s1\"><strong>Para este partido el precio de la entrada m\u00e1s barata ser\u00e1 de $ 10.000<\/strong>. Como ha sido costumbre en los \u00faltimos partidos de la U, las entradas podr\u00e1n ser adquiridas en <a href=\"http:\/\/www.puntoticket.com\/Evento.aspx?EventoID=UCH053\">Punto Ticket<\/a>.<\/span><\/p>\n","protected":false},"excerpt":{"rendered":"<p>Est\u00e1 medida se toma tras el encendido de bengalas y lanzamiento de fuegos de artificio en el partido ante Inter de porto Alegre.<\/p>\n","protected":false},"author":56,"featured_media":6769,"comment_status":"closed","ping_status":"open","sticky":false,"template":"","format":"standard","meta":{"footnotes":""},"categories":[18],"tags":[454,338,157,156,83],"class_list":{"0":"post-7195","1":"post","2":"type-post","3":"status-publish","4":"format-standard","5":"has-post-thumbnail","7":"category-actualidad","8":"tag-actualidad","9":"tag-clausura-2015","10":"tag-portada","11":"tag-universidad-de-chile","12":"tag-venta-de-entradas"},"_links":{"self":[{"href":"http:\/\/www.rincondelbulla.cl\/portal\/wp-json\/wp\/v2\/posts\/7195","targetHints":{"allow":["GET"]}}],"collection":[{"href":"http:\/\/www.rincondelbulla.cl\/portal\/wp-json\/wp\/v2\/posts"}],"about":[{"href":"http:\/\/www.rincondelbulla.cl\/portal\/wp-json\/wp\/v2\/types\/post"}],"author":[{"embeddable":true,"href":"http:\/\/www.rincondelbulla.cl\/portal\/wp-json\/wp\/v2\/users\/56"}],"replies":[{"embeddable":true,"href":"http:\/\/www.rincondelbulla.cl\/portal\/wp-json\/wp\/v2\/comments?post=7195"}],"version-history":[{"count":2,"href":"http:\/\/www.rincondelbulla.cl\/portal\/wp-json\/wp\/v2\/posts\/7195\/revisions"}],"predecessor-version":[{"id":7199,"href":"http:\/\/www.rincondelbulla.cl\/portal\/wp-json\/wp\/v2\/posts\/7195\/revisions\/7199"}],"wp:featuredmedia":[{"embeddable":true,"href":"http:\/\/www.rincondelbulla.cl\/portal\/wp-json\/wp\/v2\/media\/6769"}],"wp:attachment":[{"href":"http:\/\/www.rincondelbulla.cl\/portal\/wp-json\/wp\/v2\/media?parent=7195"}],"wp:term":[{"taxonomy":"category","embeddable":true,"href":"http:\/\/www.rincondelbulla.cl\/portal\/wp-json\/wp\/v2\/categories?post=7195"},{"taxonomy":"post_tag","embeddable":true,"href":"http:\/\/www.rincondelbulla.cl\/portal\/wp-json\/wp\/v2\/tags?post=7195"}],"curies":[{"name":"wp","href":"https:\/\/api.w.org\/{rel}","templated":true}]}}