{"id":7212,"date":"2015-04-24T19:02:04","date_gmt":"2015-04-24T19:02:04","guid":{"rendered":"http:\/\/www.rincondelbulla.cl\/portal\/?p=7212"},"modified":"2015-04-24T19:02:04","modified_gmt":"2015-04-24T19:02:04","slug":"marin-lasarte-ya-planea-el-segundo-semestre","status":"publish","type":"post","link":"http:\/\/www.rincondelbulla.cl\/portal\/2015\/04\/24\/marin-lasarte-ya-planea-el-segundo-semestre\/","title":{"rendered":"Mar\u00edn Lasarte ya planea el segundo semestre"},"content":{"rendered":"<p><a href=\"http:\/\/www.rincondelbulla.cl\/portal\/wp-content\/uploads\/2014\/12\/martin12.jpg\"><img loading=\"lazy\" decoding=\"async\" class=\"aligncenter size-full wp-image-6362\" src=\"http:\/\/www.rincondelbulla.cl\/portal\/wp-content\/uploads\/2014\/12\/martin12.jpg\" alt=\"Mart\u00edn Lasarte\" width=\"1100\" height=\"700\" srcset=\"http:\/\/www.rincondelbulla.cl\/portal\/wp-content\/uploads\/2014\/12\/martin12.jpg 1100w, http:\/\/www.rincondelbulla.cl\/portal\/wp-content\/uploads\/2014\/12\/martin12-300x191.jpg 300w, http:\/\/www.rincondelbulla.cl\/portal\/wp-content\/uploads\/2014\/12\/martin12-768x489.jpg 768w, http:\/\/www.rincondelbulla.cl\/portal\/wp-content\/uploads\/2014\/12\/martin12-696x443.jpg 696w, http:\/\/www.rincondelbulla.cl\/portal\/wp-content\/uploads\/2014\/12\/martin12-1068x680.jpg 1068w, http:\/\/www.rincondelbulla.cl\/portal\/wp-content\/uploads\/2014\/12\/martin12-660x420.jpg 660w\" sizes=\"auto, (max-width: 1100px) 100vw, 1100px\" \/><\/a><\/p>\n<p>&nbsp;<\/p>\n<p class=\"p1\"><strong><span class=\"s1\">Como ya es tradicional los viernes en el CDA se los toma Lasarte. El t\u00e9cnico de los azules convers\u00f3 de todo con los medios de comunicaci\u00f3n, del actual momento azul, eliminaci\u00f3n Copa Libertadores y dej\u00f3 ver la intenci\u00f3n de reforzar algunos puestos claves para el segundo semestre.<\/span><\/strong><!--more--><\/p>\n<p class=\"p1\"><span class=\"s1\">En la U ya se proyectan para la pr\u00f3xima temporada, si bien quedan dos partidos o quiz\u00e1s tres, por disputar del actual torneo, el cuerpo t\u00e9cnico de los azules ya comienza a delinear lo que ser\u00e1 la temporada venidera.<\/span><\/p>\n<p class=\"p1\"><span class=\"s1\">Pese a no jugar nada Mart\u00edn Lasarte quiere que el equipo termine los m\u00e1s arriba posible en la tabla de posiciones en el Clausura, consultado sobre los partidos finales ante \u00d1ublense y Uni\u00f3n Calera, \u201cMachete\u201d se\u00f1al\u00f3, \u201c<strong>tenemos que afrontar estos dos \u00faltimos partidos de la mejor manera. La idea de todos es acabar en la mejor posici\u00f3n de la tabla posible. Pensar que dentro de todo lo malo fuimos un equipo que mejor\u00f3, que fue regular\u201d<\/strong>.<\/span><\/p>\n<p class=\"p1\"><span class=\"s1\">Y espec\u00edficamente sobre el pr\u00f3ximo rival de los azules (\u00d1ublense) a\u00f1adi\u00f3, <strong>\u201cenfrentamos a un rival que est\u00e1 complicado y eso le da otra caracter\u00edstica al encuentro, pero de igual forma buscaremos plasmar el trabajo que hemos realizado\u201d<\/strong>.<\/span><\/p>\n<p class=\"p1\"><strong><span class=\"s1\">COPA LIBERTADORES<\/span><\/strong><\/p>\n<p class=\"p1\"><span class=\"s1\">Ya son tres temporadas consecutivas en que la U queda tempranamente eliminada en el torneo continental, para el t\u00e9cnico de los azules esta situaci\u00f3n no era esperada en el equipo, \u201cestuvimos muy por debajo de lo que esper\u00e1bamos, nos qued\u00f3 esa ilusi\u00f3n de terminar de otra manera esta copa, pero no fue as\u00ed, <strong>fue muy dolorosa esta Copa Libertadores<\/strong>\u201d, mencion\u00f3.<\/span><\/p>\n<p class=\"p1\"><span class=\"s1\">REFORZAR ZONAS CLAVES<\/span><\/p>\n<p class=\"p1\"><span class=\"s1\">Mart\u00edn Lasarte est\u00e1 decidiendo su continuidad al mando de Universidad de Chile y al parecer todo indicar\u00eda que el charr\u00faa seguir\u00eda dirigiendo a los azules por una a\u00f1o m\u00e1s, en relaci\u00f3n a este tema, Lasarte indic\u00f3, <strong>\u201cla voluntad existe y nos tenemos que sentar, y si todos los \u00edtems que hay colocar arriba de la mesa son comunes, la posibilidad de seguir ser\u00e1 inmediata\u201d<\/strong>.<\/span><\/p>\n<p class=\"p1\"><span class=\"s1\">Tambi\u00e9n habl\u00f3 de reforzar algunas zonas que necesita el equipo, aunque no especific\u00f3 cuales, \u201cdebemos hacer alg\u00fan ajuste. Hemos hablado la necesidad de reforzar este plantel en tres puestos que consideramos clave\u201d, a\u00f1adi\u00f3.<\/span><\/p>\n<p class=\"p1\"><span class=\"s1\">Para finalizar aclar\u00f3 que pese a querer contar con varios jugadores que terminan contrato con los azules el uruguayo sabe que esta parte es dif\u00edcil, \u201chay una realidad econ\u00f3mica que indica que es dif\u00edcil que se queden todos los que terminan contrato\u201d, finaliz\u00f3.<\/span><\/p>\n","protected":false},"excerpt":{"rendered":"<p>&nbsp; Como ya es tradicional los viernes en el CDA se los toma Lasarte. El t\u00e9cnico de los azules convers\u00f3 de todo con los medios de comunicaci\u00f3n, del actual momento azul, eliminaci\u00f3n Copa Libertadores y dej\u00f3 ver la intenci\u00f3n de reforzar algunos puestos claves para el segundo semestre.<\/p>\n","protected":false},"author":56,"featured_media":6362,"comment_status":"closed","ping_status":"open","sticky":false,"template":"","format":"standard","meta":{"footnotes":""},"categories":[18],"tags":[454,338,224,157,156],"class_list":{"0":"post-7212","1":"post","2":"type-post","3":"status-publish","4":"format-standard","5":"has-post-thumbnail","7":"category-actualidad","8":"tag-actualidad","9":"tag-clausura-2015","10":"tag-martin-lasarte","11":"tag-portada","12":"tag-universidad-de-chile"},"_links":{"self":[{"href":"http:\/\/www.rincondelbulla.cl\/portal\/wp-json\/wp\/v2\/posts\/7212","targetHints":{"allow":["GET"]}}],"collection":[{"href":"http:\/\/www.rincondelbulla.cl\/portal\/wp-json\/wp\/v2\/posts"}],"about":[{"href":"http:\/\/www.rincondelbulla.cl\/portal\/wp-json\/wp\/v2\/types\/post"}],"author":[{"embeddable":true,"href":"http:\/\/www.rincondelbulla.cl\/portal\/wp-json\/wp\/v2\/users\/56"}],"replies":[{"embeddable":true,"href":"http:\/\/www.rincondelbulla.cl\/portal\/wp-json\/wp\/v2\/comments?post=7212"}],"version-history":[{"count":1,"href":"http:\/\/www.rincondelbulla.cl\/portal\/wp-json\/wp\/v2\/posts\/7212\/revisions"}],"predecessor-version":[{"id":7213,"href":"http:\/\/www.rincondelbulla.cl\/portal\/wp-json\/wp\/v2\/posts\/7212\/revisions\/7213"}],"wp:featuredmedia":[{"embeddable":true,"href":"http:\/\/www.rincondelbulla.cl\/portal\/wp-json\/wp\/v2\/media\/6362"}],"wp:attachment":[{"href":"http:\/\/www.rincondelbulla.cl\/portal\/wp-json\/wp\/v2\/media?parent=7212"}],"wp:term":[{"taxonomy":"category","embeddable":true,"href":"http:\/\/www.rincondelbulla.cl\/portal\/wp-json\/wp\/v2\/categories?post=7212"},{"taxonomy":"post_tag","embeddable":true,"href":"http:\/\/www.rincondelbulla.cl\/portal\/wp-json\/wp\/v2\/tags?post=7212"}],"curies":[{"name":"wp","href":"https:\/\/api.w.org\/{rel}","templated":true}]}}