{"id":7214,"date":"2015-04-28T20:00:59","date_gmt":"2015-04-28T20:00:59","guid":{"rendered":"http:\/\/www.rincondelbulla.cl\/portal\/?p=7214"},"modified":"2015-04-28T20:00:59","modified_gmt":"2015-04-28T20:00:59","slug":"leandro-benegas-estoy-en-un-club-hermoso","status":"publish","type":"post","link":"http:\/\/www.rincondelbulla.cl\/portal\/2015\/04\/28\/leandro-benegas-estoy-en-un-club-hermoso\/","title":{"rendered":"Leandro Benegas: \u00abEstoy en un Club Hermoso\u00bb"},"content":{"rendered":"<p><a href=\"http:\/\/www.rincondelbulla.cl\/portal\/wp-content\/uploads\/2015\/04\/11129749_10205493079539892_7200523359203101046_o.jpg\"><img loading=\"lazy\" decoding=\"async\" class=\"alignnone size-full wp-image-7215\" src=\"http:\/\/www.rincondelbulla.cl\/portal\/wp-content\/uploads\/2015\/04\/11129749_10205493079539892_7200523359203101046_o.jpg\" alt=\"11129749_10205493079539892_7200523359203101046_o\" width=\"1200\" height=\"800\" srcset=\"http:\/\/www.rincondelbulla.cl\/portal\/wp-content\/uploads\/2015\/04\/11129749_10205493079539892_7200523359203101046_o.jpg 1200w, http:\/\/www.rincondelbulla.cl\/portal\/wp-content\/uploads\/2015\/04\/11129749_10205493079539892_7200523359203101046_o-300x200.jpg 300w, http:\/\/www.rincondelbulla.cl\/portal\/wp-content\/uploads\/2015\/04\/11129749_10205493079539892_7200523359203101046_o-768x512.jpg 768w, http:\/\/www.rincondelbulla.cl\/portal\/wp-content\/uploads\/2015\/04\/11129749_10205493079539892_7200523359203101046_o-696x464.jpg 696w, http:\/\/www.rincondelbulla.cl\/portal\/wp-content\/uploads\/2015\/04\/11129749_10205493079539892_7200523359203101046_o-1068x712.jpg 1068w, http:\/\/www.rincondelbulla.cl\/portal\/wp-content\/uploads\/2015\/04\/11129749_10205493079539892_7200523359203101046_o-630x420.jpg 630w\" sizes=\"auto, (max-width: 1200px) 100vw, 1200px\" \/><\/a><br \/>\n<strong>Hoy en el CDA en la conferencia de prensa se sent\u00f3 Leandro Benegas a dar declaraciones. El delantero no escatimo en elogios para la camiseta donde vive, asegurando que est\u00e1 en \u201cUn Club Hermoso\u201d<\/strong><!--more--><\/p>\n<p>El jugador proveniente de Uni\u00f3n la Calera quien el Domingo pasado marc\u00f3 dos goles ante su ex-club, se mostr\u00f3 conforme con su rendimiento vistiendo la camiseta azul, \u00ab<strong>en lo personal el balance es positivo. Me trajeron para hacer goles y he cumplido con la expectativa desde que llegu\u00e9, s\u00e9 que puedo dar m\u00e1s. Tratar\u00e9 de trabajar para hacerlo mejor. Intento aportar al equipo atacando y defendiendo, corriendo; he entregado todo siempre\u00bb.<\/strong><\/p>\n<p><strong>Al momento de ser consultado por la continuidad de Lasarte, no dudo en blindar al Uruguayo de la misma manera que lo han hecho todos sus compa\u00f1eros, \u00abEl t\u00e9cnico el torneo pasado hizo las cosas bien. Es un buen DT, el que rinde juega y esa competencia d\u00eda a d\u00eda es lo que te ayuda a crecer. Ojal\u00e1 que se arregle lo antes posible y se pueda quedar\u00bb<\/strong> afirm\u00f3 el delantero en la Cisterna. Y adem\u00e1s ahond\u00f3 m\u00e1s en el rendimiento del equipo en el torneo que finaliza el pr\u00f3ximo fin de semana, \u00abEn el torneo local no se arranc\u00f3 de la mejor manera, se dieron resultados negativos y eso nos pas\u00f3 la cuenta al final cuando encontramos nuestro nivel. Como se dice nos falt\u00f3 torneo, pero son cosas que no tienen mucha explicaci\u00f3n\u00bb asever\u00f3 ante los micr\u00f3fonos de quienes cubrimos los entrenamientos azules.<\/p>\n<p>Para finalizar asegur\u00f3 que <strong>\u00abEstoy en un club hermoso en el que cualquiera se motiva a ponerse la camiseta en todos los partidos\u00bb<\/strong> finalizando la conferencia en el Centro Deportivo Azul.<\/p>\n<p>&nbsp;<\/p>\n<p>&nbsp;<\/p>\n<p>&nbsp;<\/p>\n","protected":false},"excerpt":{"rendered":"<p>Hoy en el CDA en la conferencia de prensa se sent\u00f3 Leandro Benegas a dar declaraciones. El delantero no escatimo en elogios para la camiseta donde vive, asegurando que est\u00e1 en \u201cUn Club Hermoso\u201d<\/p>\n","protected":false},"author":21381,"featured_media":7215,"comment_status":"closed","ping_status":"open","sticky":false,"template":"","format":"standard","meta":{"footnotes":""},"categories":[18],"tags":[209,319,157],"class_list":{"0":"post-7214","1":"post","2":"type-post","3":"status-publish","4":"format-standard","5":"has-post-thumbnail","7":"category-actualidad","8":"tag-conferencia-de-prensa","9":"tag-leandro-benegas","10":"tag-portada"},"_links":{"self":[{"href":"http:\/\/www.rincondelbulla.cl\/portal\/wp-json\/wp\/v2\/posts\/7214","targetHints":{"allow":["GET"]}}],"collection":[{"href":"http:\/\/www.rincondelbulla.cl\/portal\/wp-json\/wp\/v2\/posts"}],"about":[{"href":"http:\/\/www.rincondelbulla.cl\/portal\/wp-json\/wp\/v2\/types\/post"}],"author":[{"embeddable":true,"href":"http:\/\/www.rincondelbulla.cl\/portal\/wp-json\/wp\/v2\/users\/21381"}],"replies":[{"embeddable":true,"href":"http:\/\/www.rincondelbulla.cl\/portal\/wp-json\/wp\/v2\/comments?post=7214"}],"version-history":[{"count":1,"href":"http:\/\/www.rincondelbulla.cl\/portal\/wp-json\/wp\/v2\/posts\/7214\/revisions"}],"predecessor-version":[{"id":7216,"href":"http:\/\/www.rincondelbulla.cl\/portal\/wp-json\/wp\/v2\/posts\/7214\/revisions\/7216"}],"wp:featuredmedia":[{"embeddable":true,"href":"http:\/\/www.rincondelbulla.cl\/portal\/wp-json\/wp\/v2\/media\/7215"}],"wp:attachment":[{"href":"http:\/\/www.rincondelbulla.cl\/portal\/wp-json\/wp\/v2\/media?parent=7214"}],"wp:term":[{"taxonomy":"category","embeddable":true,"href":"http:\/\/www.rincondelbulla.cl\/portal\/wp-json\/wp\/v2\/categories?post=7214"},{"taxonomy":"post_tag","embeddable":true,"href":"http:\/\/www.rincondelbulla.cl\/portal\/wp-json\/wp\/v2\/tags?post=7214"}],"curies":[{"name":"wp","href":"https:\/\/api.w.org\/{rel}","templated":true}]}}