{"id":7217,"date":"2015-04-30T17:43:30","date_gmt":"2015-04-30T17:43:30","guid":{"rendered":"http:\/\/www.rincondelbulla.cl\/portal\/?p=7217"},"modified":"2015-04-30T17:45:26","modified_gmt":"2015-04-30T17:45:26","slug":"martin-lasarte-continuara-en-el-banco-azul-por-un-ano","status":"publish","type":"post","link":"http:\/\/www.rincondelbulla.cl\/portal\/2015\/04\/30\/martin-lasarte-continuara-en-el-banco-azul-por-un-ano\/","title":{"rendered":"Mart\u00edn Lasarte continuar\u00e1 en el banco azul por un a\u00f1o"},"content":{"rendered":"<p><a href=\"http:\/\/www.rincondelbulla.cl\/portal\/wp-content\/uploads\/2015\/04\/Lasarte-sigue.jpg\"><img loading=\"lazy\" decoding=\"async\" class=\"aligncenter size-full wp-image-7218\" src=\"http:\/\/www.rincondelbulla.cl\/portal\/wp-content\/uploads\/2015\/04\/Lasarte-sigue.jpg\" alt=\"Lasarte sigue\" width=\"960\" height=\"640\" srcset=\"http:\/\/www.rincondelbulla.cl\/portal\/wp-content\/uploads\/2015\/04\/Lasarte-sigue.jpg 960w, http:\/\/www.rincondelbulla.cl\/portal\/wp-content\/uploads\/2015\/04\/Lasarte-sigue-300x200.jpg 300w, http:\/\/www.rincondelbulla.cl\/portal\/wp-content\/uploads\/2015\/04\/Lasarte-sigue-768x512.jpg 768w, http:\/\/www.rincondelbulla.cl\/portal\/wp-content\/uploads\/2015\/04\/Lasarte-sigue-696x464.jpg 696w, http:\/\/www.rincondelbulla.cl\/portal\/wp-content\/uploads\/2015\/04\/Lasarte-sigue-630x420.jpg 630w\" sizes=\"auto, (max-width: 960px) 100vw, 960px\" \/><\/a><\/p>\n<p>&nbsp;<\/p>\n<p>&nbsp;<\/p>\n<p class=\"p1\"><strong><span class=\"s1\">En conferencia de prensa ofrecida este jueves en el CDA Mart\u00edn Lasarte y el presidente de la concesionaria, Carlos Heller, oficializaron el acuerdo que extiende por un a\u00f1o el proceso de \u201cMachete\u201d en el banco azul.<\/span><\/strong><!--more--><\/p>\n<p class=\"p1\"><span class=\"s1\">En Universidad de Chile ya se planifica la temporada 2015-2016 y para eso lo primero era confirmar la continuidad del actual cuerpo t\u00e9cnico de los azules. Esto se logr\u00f3 tras jornadas de reuniones donde ambas partes, t\u00e9cnico y concesionaria, expusieron sus argumentos para continuar con el proceso.<\/span><\/p>\n<p class=\"p1\"><span class=\"s1\">El acuerdo consta de un contrato hasta junio de 2016, con clausula para ser revisado en diciembre de 2015, este punto fue solicitado por mart\u00edn Lasarte para mostrar una se\u00f1al de no querer enternizarce en el banco azul, pero tambi\u00e9n en caso de posibles ofertas que el actual t\u00e9cnico quiera estudiar.<\/span><\/p>\n<p class=\"p1\"><span class=\"s1\">Tambi\u00e9n se confirm\u00f3 que a partir de ahora se ir\u00e1 conformando el plantel de la pr\u00f3xima temporada, en relaci\u00f3n a refuerzos y jugadores que dejar\u00edan \u00a0el club, <strong>\u201cvamos a conversar caso a caso con los jugadores que no rindieron. Respetaremos las trayectorias de los jugadores. Los contratos est\u00e1n supeditados a los rendimientos\u201d<\/strong>, se\u00f1al\u00f3 Carlos Heller.<\/span><\/p>\n<p class=\"p1\"><span class=\"s1\">Tambi\u00e9n se confirm\u00f3 que por parte de la dirigencia nunca se ha dudado del trabajo del actual cuerpo t\u00e9cnico, y que a petici\u00f3n de Lasarte se trabajar\u00e1 para mantener la base del equipo actual, <strong>\u201cel DT quiere mantener la base. Nunca hemos tenido dudas sobre el trabajo de Mart\u00edn\u201d<\/strong>, a\u00f1adi\u00f3 Heller.<\/span><\/p>\n<p class=\"p1\"><span class=\"s1\">Los objetivos est\u00e1n claro al interior de Universidad de Chile y en eso Carlos Heller fue enf\u00e1tico al se\u00f1alar que, <strong>\u201csabemos lo que Mart\u00edn necesita e iremos paso a paso para que las cosas salgan bien. La \u00abU\u00bb siempre debe ser campe\u00f3n y clasificar a copas internacionales, as\u00ed que trabajaremos por esos objetivos.\u201d<\/strong><\/span><\/p>\n<p class=\"p1\"><span class=\"s1\">Por su parte, Mart\u00edn Lasarte se mostr\u00f3 conforme por su continuidad y muy esperanzado en conseguir los objetivos planteados, <strong>\u201ccuando hay una continuidad tienes mayor informaci\u00f3n, experiencia, v\u00ednculo y sentido de pertenencia. Las posibilidades deber\u00edan ser mayores\u00bb<\/strong>, se\u00f1al\u00f3 el charr\u00faa.<\/span><\/p>\n<p class=\"p1\"><span class=\"s1\">En relaci\u00f3n a la estructuraci\u00f3n del nuevo plantel de cara a la futura temporada, Machete indic\u00f3 que, <strong>\u201cno creo que necesitemos un cambio dr\u00e1stico. La base ser\u00e1 similar al que sali\u00f3 campe\u00f3n cuatro meses atr\u00e1s y que hoy est\u00e1 jugando muy bien\u201d<\/strong>.<\/span><\/p>\n<p class=\"p1\"><span class=\"s1\">Para finalizar el t\u00e9cnico envi\u00f3 un mensaje aclaro, <strong>\u201ceste semestre di ventaja, me oper\u00e9 y estuve fuera. Eso no pasar\u00e1 ahora\u201d<\/strong> sentenci\u00f3 el uruguayo.<\/span><\/p>\n<p class=\"p1\"><span class=\"s1\">Ahora, Machete deber\u00e1 planificar el partido ante Calera de este domingo, v\u00e1lido por la \u00faltima fecha del Clausura 2015, el partido se jugar\u00e1 a las 12:00 hrs. en el Estadio Lucio Fari\u00f1a.<\/span><\/p>\n","protected":false},"excerpt":{"rendered":"<p>&nbsp; &nbsp; En conferencia de prensa ofrecida este jueves en el CDA Mart\u00edn Lasarte y el presidente de la concesionaria, Carlos Heller, oficializaron el acuerdo que extiende por un a\u00f1o el proceso de \u201cMachete\u201d en el banco azul.<\/p>\n","protected":false},"author":56,"featured_media":7218,"comment_status":"closed","ping_status":"open","sticky":false,"template":"","format":"standard","meta":{"footnotes":""},"categories":[18],"tags":[454,394,393,157,156],"class_list":{"0":"post-7217","1":"post","2":"type-post","3":"status-publish","4":"format-standard","5":"has-post-thumbnail","7":"category-actualidad","8":"tag-actualidad","9":"tag-heller","10":"tag-lasrte","11":"tag-portada","12":"tag-universidad-de-chile"},"_links":{"self":[{"href":"http:\/\/www.rincondelbulla.cl\/portal\/wp-json\/wp\/v2\/posts\/7217","targetHints":{"allow":["GET"]}}],"collection":[{"href":"http:\/\/www.rincondelbulla.cl\/portal\/wp-json\/wp\/v2\/posts"}],"about":[{"href":"http:\/\/www.rincondelbulla.cl\/portal\/wp-json\/wp\/v2\/types\/post"}],"author":[{"embeddable":true,"href":"http:\/\/www.rincondelbulla.cl\/portal\/wp-json\/wp\/v2\/users\/56"}],"replies":[{"embeddable":true,"href":"http:\/\/www.rincondelbulla.cl\/portal\/wp-json\/wp\/v2\/comments?post=7217"}],"version-history":[{"count":2,"href":"http:\/\/www.rincondelbulla.cl\/portal\/wp-json\/wp\/v2\/posts\/7217\/revisions"}],"predecessor-version":[{"id":7220,"href":"http:\/\/www.rincondelbulla.cl\/portal\/wp-json\/wp\/v2\/posts\/7217\/revisions\/7220"}],"wp:featuredmedia":[{"embeddable":true,"href":"http:\/\/www.rincondelbulla.cl\/portal\/wp-json\/wp\/v2\/media\/7218"}],"wp:attachment":[{"href":"http:\/\/www.rincondelbulla.cl\/portal\/wp-json\/wp\/v2\/media?parent=7217"}],"wp:term":[{"taxonomy":"category","embeddable":true,"href":"http:\/\/www.rincondelbulla.cl\/portal\/wp-json\/wp\/v2\/categories?post=7217"},{"taxonomy":"post_tag","embeddable":true,"href":"http:\/\/www.rincondelbulla.cl\/portal\/wp-json\/wp\/v2\/tags?post=7217"}],"curies":[{"name":"wp","href":"https:\/\/api.w.org\/{rel}","templated":true}]}}